{"id":61923,"date":"2023-11-10T18:51:12","date_gmt":"2023-11-11T00:51:12","guid":{"rendered":"http:\/\/www.zonaroja.com.mx\/?p=61923"},"modified":"2023-11-10T18:51:15","modified_gmt":"2023-11-11T00:51:15","slug":"comerciantes-exigen-a-neri-no-dar-mas-permisos-para-ambulantes","status":"publish","type":"post","link":"https:\/\/zonaroja.com.mx\/?p=61923","title":{"rendered":"Comerciantes exigen a\u00a0 Neri no dar m\u00e1s permisos para ambulantes \u00a0"},"content":{"rendered":"\n<p>Yuridiana Sosa\/Zona Roja.&nbsp;<\/p>\n\n\n\n<p>Oaxaca de Ju\u00e1rez, Oax., a 10 de noviembre de 2023.- Ante la desenfrenada presencia de vendedores ambulantes en el Centro Hist\u00f3rico de la capital, comerciantes establecidos de la ciudad de Oaxaca exigieron al presidente municipal, Francisco Mart\u00ednez Neri, frenar la entrega de permisos.&nbsp;<\/p>\n\n\n\n<p>Los vendedores formales entregaron a los concejales la solicitud formal para que el Cabildo acuerde evitar el crecimiento desmedido de los puestos en v\u00eda p\u00fablica, pues su presencia tambi\u00e9n representa el riesgo de perder la categor\u00eda de Patrimonio de la Humanidad otorgado en 1987 por la Unesco.&nbsp;<\/p>\n\n\n\n<p>Desde hace varios meses los comerciantes han expresado su preocupaci\u00f3n por el crecimiento descontrolado de puestos ambulantes, principalmente en temporadas festivas, pues invaden diversas calles y plazas p\u00fablicas, algunas veces de manera ilegal y otras hasta permitidas por la misma autoridad.&nbsp;<\/p>\n\n\n\n<p>Una de las fechas m\u00e1s recientes fue en temporada por D\u00eda de Muertos, donde se instalaron m\u00e1s de 500 puestos en el Centro Hist\u00f3rico, lo cual afect\u00f3 al comercio establecido.&nbsp;&nbsp;<\/p>\n\n\n\n<p>La comerciante Esther Merino Badiola se\u00f1al\u00f3 que el sector comercial del Centro Hist\u00f3rico de la capital busca que la autoridad que encabeza Francisco Mart\u00ednez Neri aplique la medida que en 2018 impuso el trienio de Jos\u00e9 Antonio Hern\u00e1ndez Fraguas, para no dar m\u00e1s permisos a vendedores ambulantes. &nbsp;<\/p>\n\n\n\n<p>El sector establecido, dijo, s\u00f3lo exige la aplicaci\u00f3n de la ley y se lleven a cabo acciones a favor de la mayor\u00eda, as\u00ed como lament\u00f3 que sea la misma autoridad la que lucre con la entrega de permisos y se invadan las calles de la capital.&nbsp;<\/p>\n\n\n\n<p>Merino Badiola llam\u00f3 al Poder Ejecutivo y al Legislativo a considerar en el presupuesto de egresos la construcci\u00f3n de nuevos espacios para la ubicaci\u00f3n de los vendedores ambulantes y contin\u00faen con sus actividades.<\/p>\n\n\n\n<figure class=\"wp-block-embed\"><div class=\"wp-block-embed__wrapper\">\nhttps:\/\/x.com\/ZonaRoja_Oaxaca\/status\/1723057465149768000?s=20\n<\/div><\/figure>\n","protected":false},"excerpt":{"rendered":"<p>Yuridiana Sosa\/Zona Roja.&nbsp; Oaxaca de Ju\u00e1rez, Oax., a 10 de noviembre de 2023.- Ante la&hellip;<\/p>\n","protected":false},"author":2,"featured_media":61924,"comment_status":"closed","ping_status":"open","sticky":false,"template":"","format":"standard","meta":{"_lmt_disableupdate":"","_lmt_disable":"","_jetpack_memberships_contains_paid_content":false,"footnotes":""},"categories":[109,47],"tags":[148],"class_list":["post-61923","post","type-post","status-publish","format-standard","has-post-thumbnail","hentry","category-minuto-a-minuto","category-zona-gris","tag-oaxaca-de-juarez"],"jetpack_featured_media_url":"https:\/\/zonaroja.com.mx\/wp-content\/uploads\/2023\/11\/Comerciantes-ciudad-de-Oaxaca.jpg","jetpack_sharing_enabled":true,"_links":{"self":[{"href":"https:\/\/zonaroja.com.mx\/index.php?rest_route=\/wp\/v2\/posts\/61923","targetHints":{"allow":["GET"]}}],"collection":[{"href":"https:\/\/zonaroja.com.mx\/index.php?rest_route=\/wp\/v2\/posts"}],"about":[{"href":"https:\/\/zonaroja.com.mx\/index.php?rest_route=\/wp\/v2\/types\/post"}],"author":[{"embeddable":true,"href":"https:\/\/zonaroja.com.mx\/index.php?rest_route=\/wp\/v2\/users\/2"}],"replies":[{"embeddable":true,"href":"https:\/\/zonaroja.com.mx\/index.php?rest_route=%2Fwp%2Fv2%2Fcomments&post=61923"}],"version-history":[{"count":1,"href":"https:\/\/zonaroja.com.mx\/index.php?rest_route=\/wp\/v2\/posts\/61923\/revisions"}],"predecessor-version":[{"id":61925,"href":"https:\/\/zonaroja.com.mx\/index.php?rest_route=\/wp\/v2\/posts\/61923\/revisions\/61925"}],"wp:featuredmedia":[{"embeddable":true,"href":"https:\/\/zonaroja.com.mx\/index.php?rest_route=\/wp\/v2\/media\/61924"}],"wp:attachment":[{"href":"https:\/\/zonaroja.com.mx\/index.php?rest_route=%2Fwp%2Fv2%2Fmedia&parent=61923"}],"wp:term":[{"taxonomy":"category","embeddable":true,"href":"https:\/\/zonaroja.com.mx\/index.php?rest_route=%2Fwp%2Fv2%2Fcategories&post=61923"},{"taxonomy":"post_tag","embeddable":true,"href":"https:\/\/zonaroja.com.mx\/index.php?rest_route=%2Fwp%2Fv2%2Ftags&post=61923"}],"curies":[{"name":"wp","href":"https:\/\/api.w.org\/{rel}","templated":true}]}}