{"id":61929,"date":"2023-11-10T20:33:31","date_gmt":"2023-11-11T02:33:31","guid":{"rendered":"http:\/\/www.zonaroja.com.mx\/?p=61929"},"modified":"2023-11-10T20:33:36","modified_gmt":"2023-11-11T02:33:36","slug":"bajo-nivel-de-aprendizaje-y-maestros-sin-preparacion-signos-alarmantes-en-educacion","status":"publish","type":"post","link":"https:\/\/zonaroja.com.mx\/?p=61929","title":{"rendered":"Bajo nivel de aprendizaje y maestros sin preparaci\u00f3n, signos alarmantes en educaci\u00f3n"},"content":{"rendered":"\n<p>Yuridiana Sosa\/Zona Roja. &nbsp;<\/p>\n\n\n\n<p>Oaxaca de Ju\u00e1rez, Oax., a 10 de noviembre de 2023.- Las deficiencias del sistema educativo en el pa\u00eds, del que Oaxaca no es la excepci\u00f3n, fueron descritas por el investigador, el doctor en Ciencias Sociales, Gilberto Guevara Niebla, durante la conferencia \u00abEl reto de la calidad educativa en Oaxaca\u00bb, organizada por el oaxaque\u00f1o Mart\u00edn V\u00e1squez Villanueva y moderada por el doctor en Historia, Carlos Tello.<\/p>\n\n\n\n<p>Desde la biblioteca \u00abFray Francisco de Burgoa\u00bb, adjunto al templo de Santo Domingo de Guzm\u00e1n, en la capital, el experto se\u00f1al\u00f3 que entre los principales signos de alarma del sistema educativo en nuestro pa\u00eds es el abandono gubernamental, el bajo nivel de aprendizaje y de preparaci\u00f3n de los docentes.<\/p>\n\n\n\n<p>El especialista en temas educativos indic\u00f3 que se refiere al nivel b\u00e1sico, el cual consider\u00f3 como el m\u00e1s importante debido a que es ah\u00ed donde se pueden formar las habilidades, conocimientos, valores, actitudes y \u00e9tica desde la ni\u00f1ez y adolescencia; adem\u00e1s, porque es el nivel al que pueden acceder la mayor parte de la poblaci\u00f3n.<\/p>\n\n\n\n<p>DEFICIENTE SISTEMA&nbsp;<\/p>\n\n\n\n<p>Indic\u00f3 que una de las ra\u00edces de los problemas en el sistema es el bajo presupuesto que se le ha asignado desde hace m\u00e1s de 40 a\u00f1os, pese a la alta demanda.<\/p>\n\n\n\n<p>Otra de las deficiencias, dijo, es que entre el 40 y el 50 por ciento de las escuelas de nivel b\u00e1sico en M\u00e9xico se encuentran \u00abincompletas\u00bb por la falta de maestros para cada grupo, al tiempo que existen ausencias de materiales, equipos, infraestructura y de servicios b\u00e1sicos.<\/p>\n\n\n\n<p>Guevara Niebla, asever\u00f3 que los gobiernos tambi\u00e9n han tenido en abandono brutal a las escuelas normalistas, con deterioros en infraestructura, con atrasos en planes de estudios y con lentitud para reaccionar a los cambios.&nbsp;<\/p>\n\n\n\n<p>\u00abSe tiene un profesorado con calificaciones muy deficientes. Nadie lo dice, pero hay un nivel criticable, por no decir mediocre, no tiene las competencias de un profesional\u00bb, apunt\u00f3.<\/p>\n\n\n\n<figure class=\"wp-block-embed\"><div class=\"wp-block-embed__wrapper\">\nhttps:\/\/x.com\/ZonaRoja_Oaxaca\/status\/1722795837971931354?s=20\n<\/div><\/figure>\n\n\n\n<p>Desde el 2000 se ha detectado una reducci\u00f3n en el aprendizaje de los alumnos de nivel b\u00e1sico, e incluso, en \u00faltimos censos de 2018 se inform\u00f3 que los alumnos de sexto grado de primaria lograron aprendizajes m\u00ednimos.<\/p>\n\n\n\n<p>\u00abEl indicador m\u00e1s alarmante de la educaci\u00f3n en M\u00e9xico es el bajo aprendizaje que se tiene\u00bb, resalt\u00f3.&nbsp;<\/p>\n\n\n\n<p>NUEVAS DEFICIENCIAS<\/p>\n\n\n\n<p>El doctor indic\u00f3 que en el nuevo sistema educativo de la Secretar\u00eda de Educaci\u00f3n P\u00fablica no hay una evaluaci\u00f3n que da paso a que los alumnos no aprendan y s\u00f3lo pasen de a\u00f1o sin saber siquiera leer.<\/p>\n\n\n\n<p>Apunt\u00f3 que no hay acciones para fortalecer el sistema de aprendizaje, en cambio a partir del siglo 21 hay \u00abuna pol\u00edtica p\u00fablica desastrosa y los gobiernos han puesto a personas no calificadas al frente de la SEP\u00bb.&nbsp;<\/p>\n\n\n\n<p>Agreg\u00f3 que \u00abel liderazgo educativo es mediocre\u00bb, al tiempo que existen marcadas desigualdades entre las escuelas urbanas y las rurales o ind\u00edgenas.<\/p>\n\n\n\n<p>Lament\u00f3 que Oaxaca se encuentre entre las entidades con el nivel de aprendizaje m\u00e1s bajo. Sobre Oaxaca se encuentra Guerrero y por debajo, Chiapas.<\/p>\n\n\n\n<p>Asegur\u00f3 que durante el gobierno de Andr\u00e9s Manuel L\u00f3pez Obrador se redujo el presupuesto de la educaci\u00f3n para destinarlo a sus programas sociales, al tiempo que se ha dejado de ense\u00f1ar.<\/p>\n\n\n\n<p>\u00abSe inventaron un modelo educativo basado en proyectos&#8230;(los alumnos) no tienen manera de aprender\u00bb, desde lo m\u00e1s b\u00e1sico como el lenguaje, destac\u00f3.<\/p>\n\n\n\n<p>Al tiempo que tampoco hay reglas de operaci\u00f3n con los recursos que entregan a las escuelas.<\/p>\n","protected":false},"excerpt":{"rendered":"<p>Yuridiana Sosa\/Zona Roja. &nbsp; Oaxaca de Ju\u00e1rez, Oax., a 10 de noviembre de 2023.- Las&hellip;<\/p>\n","protected":false},"author":2,"featured_media":61930,"comment_status":"closed","ping_status":"open","sticky":false,"template":"","format":"standard","meta":{"_lmt_disableupdate":"","_lmt_disable":"","_jetpack_memberships_contains_paid_content":false,"footnotes":""},"categories":[109,46],"tags":[3730,1582],"class_list":["post-61929","post","type-post","status-publish","format-standard","has-post-thumbnail","hentry","category-minuto-a-minuto","category-zona-blanca","tag-gilberto-guevara-niebla","tag-martin-vasquez-villanueva"],"jetpack_featured_media_url":"https:\/\/zonaroja.com.mx\/wp-content\/uploads\/2023\/11\/Martin-Vasquez-Carlos-Tello-Gilberto-Guevara-Niebla.jpg","jetpack_sharing_enabled":true,"_links":{"self":[{"href":"https:\/\/zonaroja.com.mx\/index.php?rest_route=\/wp\/v2\/posts\/61929","targetHints":{"allow":["GET"]}}],"collection":[{"href":"https:\/\/zonaroja.com.mx\/index.php?rest_route=\/wp\/v2\/posts"}],"about":[{"href":"https:\/\/zonaroja.com.mx\/index.php?rest_route=\/wp\/v2\/types\/post"}],"author":[{"embeddable":true,"href":"https:\/\/zonaroja.com.mx\/index.php?rest_route=\/wp\/v2\/users\/2"}],"replies":[{"embeddable":true,"href":"https:\/\/zonaroja.com.mx\/index.php?rest_route=%2Fwp%2Fv2%2Fcomments&post=61929"}],"version-history":[{"count":1,"href":"https:\/\/zonaroja.com.mx\/index.php?rest_route=\/wp\/v2\/posts\/61929\/revisions"}],"predecessor-version":[{"id":61931,"href":"https:\/\/zonaroja.com.mx\/index.php?rest_route=\/wp\/v2\/posts\/61929\/revisions\/61931"}],"wp:featuredmedia":[{"embeddable":true,"href":"https:\/\/zonaroja.com.mx\/index.php?rest_route=\/wp\/v2\/media\/61930"}],"wp:attachment":[{"href":"https:\/\/zonaroja.com.mx\/index.php?rest_route=%2Fwp%2Fv2%2Fmedia&parent=61929"}],"wp:term":[{"taxonomy":"category","embeddable":true,"href":"https:\/\/zonaroja.com.mx\/index.php?rest_route=%2Fwp%2Fv2%2Fcategories&post=61929"},{"taxonomy":"post_tag","embeddable":true,"href":"https:\/\/zonaroja.com.mx\/index.php?rest_route=%2Fwp%2Fv2%2Ftags&post=61929"}],"curies":[{"name":"wp","href":"https:\/\/api.w.org\/{rel}","templated":true}]}}