{"id":6193,"date":"2019-11-29T13:27:57","date_gmt":"2019-11-29T19:27:57","guid":{"rendered":"https:\/\/www.zonaroja.com.mx\/?p=6193"},"modified":"2019-11-29T13:27:59","modified_gmt":"2019-11-29T19:27:59","slug":"mujeres-comerciantes-en-el-pedimento-lloran-por-la-destruccion-de-sus-puestos","status":"publish","type":"post","link":"https:\/\/zonaroja.com.mx\/?p=6193","title":{"rendered":"Mujeres comerciantes en \u201cEl Pedimento\u201d lloran por la destrucci\u00f3n de sus puestos"},"content":{"rendered":"\n<p>Redacci\u00f3n\/Zona Roja.<\/p>\n\n\n\n<p>Oaxaca de Ju\u00e1rez, Oax., 29 de noviembre de 2019.-&nbsp;\u201cTenemos un a\u00f1o que nos quitaron la tranquilidad, como es posible que el gobernador no pueda hacer nada al respecto\u201d.<\/p>\n\n\n\n<p>Eso aseguran entre l\u00e1grimas mujeres comerciantes que fueron desplazadas de su \u00fanica fuente de ingresos en las inmediaciones de \u201cEl Pedimento\u201d debido al conflicto existente entre Santa Catarina Juquila y Santiago Yaitepec.<\/p>\n\n\n\n<p>\u201cDonde esta el D\u00eda Internacional de la Mujer cuando aqu\u00ed no se respeta nada\u201d cuestionaron las mujeres a las autoridades estatales a quienes explicaron que fueron pisoteados sus derechos al perder su trabajo y su fuente de ingresos para mantener a sus familias, por lo que incluso pidieron la intervenci\u00f3n de la presidenta del DIF Oaxaca, Ivette Mor\u00e1n de Murat.<\/p>\n\n\n\n<p>Explicaron que debido a la problem\u00e1tica existente en la zona, el pasado domingo personas armadas se apoderaron del camino que conduce a \u201cEl Pedimento\u201d por lo que fueron desalojadas sin que pudieran sacar sus productos, situaci\u00f3n que durante todo este a\u00f1o se ha repetido de forma constante sin que las autoridades hagan algo al respecto.<\/p>\n\n\n\n<p>\u201cNo es la primera vez, pero ahora si arrasaron con toda nuestra mercanc\u00eda. Ellos est\u00e1n como si nada ah\u00ed, con las mejores armas. \u00bfPor qu\u00e9 no hay ley? \u00bfD\u00f3nde esta la ley? No es justo\u201d, dijeron las mujeres.&nbsp;<\/p>\n\n\n\n<p>Entre lagrimas, explicaron que se trata de alrededor de 80 mujeres las comerciantes que lo perdieron todo, muchas de ellas madres solteras y discapacitadas, a quienes les preocupa el sustento de sus hijas e hijos que se encuentran estudiando y no tienen en estos momentos para darles de comer.<\/p>\n\n\n\n<p>\u201cNo es posible que no nos dejen trabajar, porque eso hacemos trabajamos&nbsp;<a href=\"\/\/1\">desde las 5 de la ma\u00f1ana<\/a>&nbsp;y nos vamos hasta&nbsp;<a href=\"\/\/2\">las 8 de la noche<\/a>, nos dedicamos a trabar no a robar y a\u00fan as\u00ed a punto de pistola nos bajaron sin permitir que nos llev\u00e1ramos nuestra mercanc\u00eda\u201d, dijeron.<\/p>\n\n\n\n<p>De igual forma manifestaron que no hay nadie que las ayude toda vez que la autoridad municipal ha sido rebasada con la problem\u00e1tica, mientras que al gobierno encabezado por Alejandro Murat Hinojosa pareciera no importarle \u201c\u00bfPor qu\u00e9? \u00bf\u00c9l los esta ayudando, los esta patrocinando o que est\u00e1 pasando? \u00bfPor qu\u00e9 nadie hace nada? Cuestionaron las mujeres sumamente afectadas por la situaci\u00f3n.<\/p>\n\n\n\n<p>Explicaron que debido a la temporada, en la que llega la mayor cantidad de feligreses a la zona, han invertido todo su dinero y patrimonio en la mercanc\u00eda de la que fueron despojadas, a la par que lamentaron que las autoridades se mantengan esc\u00e9pticas y sin creer la gravedad de la problem\u00e1tica.&nbsp;&nbsp;<\/p>\n","protected":false},"excerpt":{"rendered":"<p>Redacci\u00f3n\/Zona Roja. Oaxaca de Ju\u00e1rez, Oax., 29 de noviembre de 2019.-&nbsp;\u201cTenemos un a\u00f1o que nos&hellip;<\/p>\n","protected":false},"author":2,"featured_media":6192,"comment_status":"closed","ping_status":"open","sticky":false,"template":"","format":"standard","meta":{"_lmt_disableupdate":"","_lmt_disable":"","_jetpack_memberships_contains_paid_content":false,"footnotes":""},"categories":[109,47],"tags":[545],"class_list":["post-6193","post","type-post","status-publish","format-standard","has-post-thumbnail","hentry","category-minuto-a-minuto","category-zona-gris","tag-santa-catarina-juquila"],"jetpack_featured_media_url":"https:\/\/zonaroja.com.mx\/wp-content\/uploads\/2019\/11\/ezy-watermark_29-11-2019_01-25-38p.-m..jpg","jetpack_sharing_enabled":true,"_links":{"self":[{"href":"https:\/\/zonaroja.com.mx\/index.php?rest_route=\/wp\/v2\/posts\/6193","targetHints":{"allow":["GET"]}}],"collection":[{"href":"https:\/\/zonaroja.com.mx\/index.php?rest_route=\/wp\/v2\/posts"}],"about":[{"href":"https:\/\/zonaroja.com.mx\/index.php?rest_route=\/wp\/v2\/types\/post"}],"author":[{"embeddable":true,"href":"https:\/\/zonaroja.com.mx\/index.php?rest_route=\/wp\/v2\/users\/2"}],"replies":[{"embeddable":true,"href":"https:\/\/zonaroja.com.mx\/index.php?rest_route=%2Fwp%2Fv2%2Fcomments&post=6193"}],"version-history":[{"count":1,"href":"https:\/\/zonaroja.com.mx\/index.php?rest_route=\/wp\/v2\/posts\/6193\/revisions"}],"predecessor-version":[{"id":6194,"href":"https:\/\/zonaroja.com.mx\/index.php?rest_route=\/wp\/v2\/posts\/6193\/revisions\/6194"}],"wp:featuredmedia":[{"embeddable":true,"href":"https:\/\/zonaroja.com.mx\/index.php?rest_route=\/wp\/v2\/media\/6192"}],"wp:attachment":[{"href":"https:\/\/zonaroja.com.mx\/index.php?rest_route=%2Fwp%2Fv2%2Fmedia&parent=6193"}],"wp:term":[{"taxonomy":"category","embeddable":true,"href":"https:\/\/zonaroja.com.mx\/index.php?rest_route=%2Fwp%2Fv2%2Fcategories&post=6193"},{"taxonomy":"post_tag","embeddable":true,"href":"https:\/\/zonaroja.com.mx\/index.php?rest_route=%2Fwp%2Fv2%2Ftags&post=6193"}],"curies":[{"name":"wp","href":"https:\/\/api.w.org\/{rel}","templated":true}]}}