{"id":61932,"date":"2023-11-10T20:53:34","date_gmt":"2023-11-11T02:53:34","guid":{"rendered":"http:\/\/www.zonaroja.com.mx\/?p=61932"},"modified":"2023-11-10T20:53:36","modified_gmt":"2023-11-11T02:53:36","slug":"dictan-23-anos-de-carcel-a-sujeto-por-tentativa-de-homicidio-en-el-istmo","status":"publish","type":"post","link":"https:\/\/zonaroja.com.mx\/?p=61932","title":{"rendered":"Dictan 23 a\u00f1os de c\u00e1rcel a sujeto por tentativa de homicidio en el Istmo"},"content":{"rendered":"\n<p>Redacci\u00f3n\/Zona Roja.<\/p>\n\n\n\n<p>Oaxaca de Ju\u00e1rez, Oax., a 10 de noviembre de 2023.- Los trabajos de procuraci\u00f3n de justicia que efect\u00faa la Fiscal\u00eda General del Estado de Oaxaca (FGEO) dieron como resultado la obtenci\u00f3n de una sentencia condenatoria superior a los 23 a\u00f1os de prisi\u00f3n en contra de Julio C\u00e9sar P. C., responsable de la comisi\u00f3n del delito de Tentativa de Homicidio Calificado, en hechos ocurridos en el Istmo de Tehuantepec.<\/p>\n\n\n\n<p>De acuerdo con el expediente penal, el 31 de octubre de 2022, la v\u00edctima se encontraba en Santa Cruz Bamba y Garrapatero, localidad situada en el municipio de Santo Domingo Tehuantepec, cuando vio llegar a su agresor, quien portaba un cuchillo y un machete.<\/p>\n\n\n\n<p>Sin mediar palabra, el sentenciado agredi\u00f3 a la v\u00edctima que trat\u00f3 de huir, pero fue alcanzado y cuando estaba herido, testigos de los hechos intervinieron para frenar la agresi\u00f3n, adem\u00e1s de detener al responsable que fue entregado a la polic\u00eda municipal.<\/p>\n\n\n\n<p>La FGEO tom\u00f3 conocimiento del caso a trav\u00e9s de la Vicefiscal\u00eda Regional del Istmo, misma que recab\u00f3 los datos de prueba necesarios para presentarlos ante el Juez que atiende la causa, quien tras evaluarlos, dict\u00f3 sentencia condenatoria de 23 a\u00f1os y&nbsp; cuatro meses contra Julio C\u00e9sar P.C., por su responsabilidad en la comisi\u00f3n del delito de Tentativa de Homicidio Calificado, previsto por el art\u00edculo 285 en relaci\u00f3n con la art\u00edculo 8 fracci\u00f3n II, 299, 301 fracci\u00f3n IV y 302, sancionado por el art\u00edculo 291, en relaci\u00f3n con el art\u00edculo 57 del C\u00f3digo Penal.<\/p>\n\n\n\n<p>El rigor metodol\u00f3gico y apegado a la ley de las investigaciones ministeriales que realiza la Fiscal\u00eda de Oaxaca, son un pilar fundamental en el proceso de procuraci\u00f3n y acceso a la justicia a favor de las v\u00edctimas.<\/p>\n\n\n\n<p>Y 11 A\u00d1OS A VIOLADOR<\/p>\n\n\n\n<p>En otro caso, la Fiscal\u00eda General logr\u00f3 una sentencia condenatoria superior a 11 a\u00f1os de prisi\u00f3n, en contra de Avenamar C. B., responsable por la comisi\u00f3n de los delitos Violencia Familiar y Violaci\u00f3n, cometidos en la regi\u00f3n de la Cuenca del Papaloapan.&nbsp;<\/p>\n\n\n\n<p>De acuerdo con el expediente penal del caso, en noviembre de 2022, el imputado tuvo una conducta sexual no consensuada con la v\u00edctima, lo cual deriv\u00f3 en el delito que se configura como Violaci\u00f3n, adem\u00e1s que, en diferentes meses entre agosto de 2022 y enero de 2023, el responsable de los delitos ejerci\u00f3 violencia de diferentes formas.<\/p>\n\n\n\n<p>Ante ello, la v\u00edctima acudi\u00f3 a la FGEO para presentar la denuncia correspondiente, misma que qued\u00f3 bajo la investigaci\u00f3n de la Vicefiscal\u00eda Regional de la Cuenca, misma que se avoc\u00f3 a realizar los trabajos ministeriales que permitieron la ejecuci\u00f3n de una orden de aprehensi\u00f3n por lo que el imputado qued\u00f3 detenido y se dio inicio a un proceso penal.<\/p>\n\n\n\n<p>En audiencia con el Juez el Juez de Control que atiende la causa, impuso a Avenamar C. B. la pena de 11 a\u00f1os y cuatro meses por su responsabilidad en la comisi\u00f3n de los delitos de Violencia Familiar y Violaci\u00f3n, resoluci\u00f3n que se efectu\u00f3 a trav\u00e9s del procedimiento abreviado, adem\u00e1s que estableci\u00f3 el pago de una multa y la reparaci\u00f3n del da\u00f1o a favor de la v\u00edctima.<\/p>\n\n\n\n<p>La Fiscal\u00eda de Oaxaca se ci\u00f1e a los protocolos para la investigaci\u00f3n de delitos contra la mujer por raz\u00f3n de g\u00e9nero, para que las v\u00edctimas tengan pleno acceso a la justicia y acompa\u00f1amiento integral durante este proceso.<\/p>\n","protected":false},"excerpt":{"rendered":"<p>Redacci\u00f3n\/Zona Roja. Oaxaca de Ju\u00e1rez, Oax., a 10 de noviembre de 2023.- Los trabajos de&hellip;<\/p>\n","protected":false},"author":2,"featured_media":30723,"comment_status":"closed","ping_status":"open","sticky":false,"template":"","format":"standard","meta":{"_lmt_disableupdate":"","_lmt_disable":"","_jetpack_memberships_contains_paid_content":false,"footnotes":""},"categories":[109,47],"tags":[494],"class_list":["post-61932","post","type-post","status-publish","format-standard","has-post-thumbnail","hentry","category-minuto-a-minuto","category-zona-gris","tag-fiscalia-general-del-estado-de-oaxaca"],"jetpack_featured_media_url":"https:\/\/zonaroja.com.mx\/wp-content\/uploads\/2021\/08\/Prision-carcel-1.jpg","jetpack_sharing_enabled":true,"_links":{"self":[{"href":"https:\/\/zonaroja.com.mx\/index.php?rest_route=\/wp\/v2\/posts\/61932","targetHints":{"allow":["GET"]}}],"collection":[{"href":"https:\/\/zonaroja.com.mx\/index.php?rest_route=\/wp\/v2\/posts"}],"about":[{"href":"https:\/\/zonaroja.com.mx\/index.php?rest_route=\/wp\/v2\/types\/post"}],"author":[{"embeddable":true,"href":"https:\/\/zonaroja.com.mx\/index.php?rest_route=\/wp\/v2\/users\/2"}],"replies":[{"embeddable":true,"href":"https:\/\/zonaroja.com.mx\/index.php?rest_route=%2Fwp%2Fv2%2Fcomments&post=61932"}],"version-history":[{"count":1,"href":"https:\/\/zonaroja.com.mx\/index.php?rest_route=\/wp\/v2\/posts\/61932\/revisions"}],"predecessor-version":[{"id":61933,"href":"https:\/\/zonaroja.com.mx\/index.php?rest_route=\/wp\/v2\/posts\/61932\/revisions\/61933"}],"wp:featuredmedia":[{"embeddable":true,"href":"https:\/\/zonaroja.com.mx\/index.php?rest_route=\/wp\/v2\/media\/30723"}],"wp:attachment":[{"href":"https:\/\/zonaroja.com.mx\/index.php?rest_route=%2Fwp%2Fv2%2Fmedia&parent=61932"}],"wp:term":[{"taxonomy":"category","embeddable":true,"href":"https:\/\/zonaroja.com.mx\/index.php?rest_route=%2Fwp%2Fv2%2Fcategories&post=61932"},{"taxonomy":"post_tag","embeddable":true,"href":"https:\/\/zonaroja.com.mx\/index.php?rest_route=%2Fwp%2Fv2%2Ftags&post=61932"}],"curies":[{"name":"wp","href":"https:\/\/api.w.org\/{rel}","templated":true}]}}