{"id":61939,"date":"2023-11-11T10:00:00","date_gmt":"2023-11-11T16:00:00","guid":{"rendered":"http:\/\/www.zonaroja.com.mx\/?p=61939"},"modified":"2023-11-11T07:18:50","modified_gmt":"2023-11-11T13:18:50","slug":"alejandro-moreno-un-mal-priista-xochitl-galvez","status":"publish","type":"post","link":"https:\/\/zonaroja.com.mx\/?p=61939","title":{"rendered":"Alejandro Moreno, \u201cun mal priista\u201d: X\u00f3chitl G\u00e1lvez"},"content":{"rendered":"\n<p>Redacci\u00f3n\/Zona Roja Cdmx.<\/p>\n\n\n\n<p>Ciudad de M\u00e9xico, a 11 de noviembre de 2023.- X\u00f3chitl G\u00e1lvez meti\u00f3 a Alejandro Moreno, dirigente del PRI, entre los priistas con los que nunca trabajar\u00eda y que son una \u201cbola de oportunistas\u201d, como Manuel Bartlett y Omar Fayad.<\/p>\n\n\n\n<p>Sentada junto a la secretaria general del tricolor, Carolina Viggiano, y el dirigente estatal, Rub\u00e9n Antonio Zuart, as\u00ed como otros priistas locales que la acompa\u00f1an en su gira en Tuxtla Guti\u00e9rrez, Chiapas, la aspirante presidencial no se dio cuenta de lo que dijo.<\/p>\n\n\n\n<p>\u201cHay muy malos priistas con los que yo no trabajar\u00eda como Bartlett o como \u2018Alito\u2019 o como ahora el ex Gobernador de Hidalgo, Fayad, que de ah\u00ed se habla de una estafa siniestra de 2 mil millones de pesos en Hidalgo y a \u00bfpoco el Gobernador no sab\u00eda nada?, pero como lo premian con una Embajada pues ya traicion\u00f3 al Estado, sus principios\u201d, manifest\u00f3 G\u00e1lvez al responder una pregunta sobre c\u00f3mo se hizo una alianza entre tres partidos tan diferentes.<\/p>\n\n\n\n<p>\u201cEntonces, son una bola de oportunistas que est\u00e1n en un momento y brincan para otro\u201d, agreg\u00f3 la responsable del Frente Amplio por M\u00e9xico.<\/p>\n\n\n\n<p>G\u00e1lvez sigui\u00f3 con su respuesta, al asegurar que estaba muy contenta con la alianza del PAN, PRI y PRD.<\/p>\n\n\n\n<p>\u201cLo que nos est\u00e1 uniendo es un proyecto, un proyecto para sacar adelante al Pa\u00eds, eso es lo que nos tiene juntos y, en ese sentido, yo creo que lo que nos une es mucho m\u00e1s lo que nos divide\u201d, mencion\u00f3.<\/p>\n\n\n\n<p>La aspirante continu\u00f3 hablando, mientras entre los priistas se generaban comentarios. El dirigente del PRI dio un mensaje a Viggiano y otras personas le hablaban al o\u00eddo a la secretaria genera del tricolor.<\/p>\n\n\n\n<p>X\u00f3chitl G\u00e1lvez agreg\u00f3 en sus respuestas que en Chiapas se ha usado a la gente para definir la Gubernatura de ese Estado por parte de Morena y que el Presidente es el que decide las candidaturas.<\/p>\n\n\n\n<p>Indic\u00f3 que en el Frente quieren un Pa\u00eds con un Gobierno de coalici\u00f3n, donde las decisiones no las tome una sola mujer, sino muchos hombres y muchas mujeres.<\/p>\n\n\n\n<p>Hasta ese momento, la senadora del PAN se dio cuenta de lo que dijo, al recibir anotaciones y colocarse anteojos para leerlos, por lo que su rostro se torn\u00f3 serio.<\/p>\n\n\n\n<p>Luego recibi\u00f3 otra pregunta, a la que apenas le puso atenci\u00f3n y se la tuvieron que repetir sobre la ventaja que le lleva Morena en las encuestas.<\/p>\n\n\n\n<p>\u201cNo vamos a perder las elecciones, seguramente ahorita se ve muy complicado desde el punto de vista de que Claudia Sheinbaum lleva 5 a\u00f1os en campa\u00f1a, yo apenas llevo 4 meses y de alguna manera lo que quiera decirles que esto apenas empieza, voy a empezar a recorrer el Estado.<\/p>\n\n\n\n<p>\u201cY aqu\u00ed quiero aclarar, porque ha habido malos entendidos, cr\u00e9anme que tengo un enorme respeto por el presidente del PRI. Estoy contenta de ir con el PRI, con Alejandro Moreno hemos coincidido en sacar adelante al Pa\u00eds y hoy me siento muy acompa\u00f1ada del PRI de Chiapas, de un PRI que va a trabajar duro y que le vamos a dar la vuelta a este tema\u201d, dijo para corregir.<\/p>\n\n\n\n<p>Siguieron un par de preguntas m\u00e1s, pero G\u00e1lvez ya se notaba m\u00e1s seria y segu\u00eda recibiendo tarjetas de sus colaboradores. Viggiano le habl\u00f3 tambi\u00e9n al o\u00eddo varios segundos.<\/p>\n\n\n\n<p>Apunt\u00f3 que a\u00fan faltan siete meses para las elecciones presidenciales e insisti\u00f3 en que se revertir\u00e1 la ventaja que tiene Morena.<\/p>\n\n\n\n<p>\u201cAyer estuvimos en el PRI con Alejandro Moreno y vamos a hacer toda una estrategia de llevar un trabajo de campo y eso nos va a llegar al triunfo\u201d, expres\u00f3.<\/p>\n\n\n\n<p>\u201cAprovecho, aparentemente hay una confusi\u00f3n, quisiera aclararla. Yo voy a trabajar de la mano con el PRI, voy a trabajar de la mano con el PAN, voy a trabajar de la mano con el PRD. Estoy convencida que esta alianza es importante, me siento me siento muy, muy, muy orgullosa, que no quede duda\u201d, dijo al aclarar su garganta.<\/p>\n\n\n\n<p>Tambi\u00e9n pidi\u00f3 a los llamados \u201cxochilovers\u201d no sentir verg\u00fcenza de trabajar con los partidos pol\u00edticos.<\/p>\n\n\n\n<p>\u201cLo saben los \u2018xochilovers\u2019, somos ciudadanos, pero tenemos que caminar de la mano de los partidos pol\u00edticos y con esta alianza, con los partidos pol\u00edticos vamos a salir adelante\u201d, afirm\u00f3.<\/p>\n\n\n\n<p>G\u00e1lvez trat\u00f3 de cambiar el tema hacia la urgencia en Guerrero, al criticar las acciones del Gobierno.<\/p>\n\n\n\n<p>La aspirante a\u00fan tiene tres actividades en la entidad y con la estructura priista.<\/p>\n\n\n\n<p>(Informaci\u00f3n de \u201cReforma\u201d)<\/p>\n","protected":false},"excerpt":{"rendered":"<p>Redacci\u00f3n\/Zona Roja Cdmx. Ciudad de M\u00e9xico, a 11 de noviembre de 2023.- X\u00f3chitl G\u00e1lvez meti\u00f3&hellip;<\/p>\n","protected":false},"author":2,"featured_media":61940,"comment_status":"closed","ping_status":"open","sticky":false,"template":"","format":"standard","meta":{"_lmt_disableupdate":"","_lmt_disable":"","_jetpack_memberships_contains_paid_content":false,"footnotes":""},"categories":[109,47],"tags":[3601],"class_list":["post-61939","post","type-post","status-publish","format-standard","has-post-thumbnail","hentry","category-minuto-a-minuto","category-zona-gris","tag-xochitl-galvez-ruiz"],"jetpack_featured_media_url":"https:\/\/zonaroja.com.mx\/wp-content\/uploads\/2023\/11\/Alejandro-Moreno-y-xochitl-galvez.jpg","jetpack_sharing_enabled":true,"_links":{"self":[{"href":"https:\/\/zonaroja.com.mx\/index.php?rest_route=\/wp\/v2\/posts\/61939","targetHints":{"allow":["GET"]}}],"collection":[{"href":"https:\/\/zonaroja.com.mx\/index.php?rest_route=\/wp\/v2\/posts"}],"about":[{"href":"https:\/\/zonaroja.com.mx\/index.php?rest_route=\/wp\/v2\/types\/post"}],"author":[{"embeddable":true,"href":"https:\/\/zonaroja.com.mx\/index.php?rest_route=\/wp\/v2\/users\/2"}],"replies":[{"embeddable":true,"href":"https:\/\/zonaroja.com.mx\/index.php?rest_route=%2Fwp%2Fv2%2Fcomments&post=61939"}],"version-history":[{"count":1,"href":"https:\/\/zonaroja.com.mx\/index.php?rest_route=\/wp\/v2\/posts\/61939\/revisions"}],"predecessor-version":[{"id":61941,"href":"https:\/\/zonaroja.com.mx\/index.php?rest_route=\/wp\/v2\/posts\/61939\/revisions\/61941"}],"wp:featuredmedia":[{"embeddable":true,"href":"https:\/\/zonaroja.com.mx\/index.php?rest_route=\/wp\/v2\/media\/61940"}],"wp:attachment":[{"href":"https:\/\/zonaroja.com.mx\/index.php?rest_route=%2Fwp%2Fv2%2Fmedia&parent=61939"}],"wp:term":[{"taxonomy":"category","embeddable":true,"href":"https:\/\/zonaroja.com.mx\/index.php?rest_route=%2Fwp%2Fv2%2Fcategories&post=61939"},{"taxonomy":"post_tag","embeddable":true,"href":"https:\/\/zonaroja.com.mx\/index.php?rest_route=%2Fwp%2Fv2%2Ftags&post=61939"}],"curies":[{"name":"wp","href":"https:\/\/api.w.org\/{rel}","templated":true}]}}