{"id":61942,"date":"2023-11-11T11:00:00","date_gmt":"2023-11-11T17:00:00","guid":{"rendered":"http:\/\/www.zonaroja.com.mx\/?p=61942"},"modified":"2023-11-11T07:33:11","modified_gmt":"2023-11-11T13:33:11","slug":"convocan-a-correr-con-causa-por-el-cam-de-santa-lucia-del-camino","status":"publish","type":"post","link":"https:\/\/zonaroja.com.mx\/?p=61942","title":{"rendered":"Convocan a correr con causa por el CAM de Santa Luc\u00eda del Camino"},"content":{"rendered":"\n<p>Redacci\u00f3n\/Territorio Score<\/p>\n\n\n\n<p>Oaxaca de Ju\u00e1rez,, Oax., a 11 de noviembre de 2023.- El pr\u00f3ximo 3 de diciembre se realizar\u00e1 la segunda edici\u00f3n de la Carrera Atl\u00e9tica Con Causa, organizada por el Centro de Atenci\u00f3n M\u00faltiple 58 (CAM) de Santa Luc\u00eda del Camino, la cual se realizar\u00e1 a las 08:00 horas con salida y meta en el Centro de Convenciones Santa Luc\u00eda del Camino en las distancias de 5 y 10 kil\u00f3metros&nbsp;<\/p>\n\n\n\n<p>En conferencia de prensa, as\u00ed lo dieron a conocer los organizadores, quienes indicaron que la justa pedestre se realiza en el marco del D\u00eda Internacional de las Personas con Discapacidad.&nbsp;<\/p>\n\n\n\n<p>Al respecto, la directora del CAM 58, Selene Llaguno D\u00e1vila, mencion\u00f3 que esta carrera tiene como finalidad promover el atletismo y al mismo tiempo recaudar fondos para beneficio directo de los alumnos de ese centro de atenci\u00f3n.&nbsp;<\/p>\n\n\n\n<p>El coordinador t\u00e9cnico de la justa, Jes\u00fas Torres, indic\u00f3 que est\u00e1n convocando a correr las distancias de 5 y 10 kil\u00f3metros.&nbsp;<\/p>\n\n\n\n<p>Dijo que ambas pruebas dar\u00e1n inicio en punto de las ocho de la ma\u00f1ana, con salida y meta frente al Centro de Convenciones ubicado en Camino Nacional, en Santa Mar\u00eda Ixcotel.&nbsp;El costo de inscripci\u00f3n es de 150 pesos y el punto de inscripci\u00f3n se ubica en la calle Palmeras 612, local E.<\/p>\n\n\n\n<p>Asimismo, informaron que esperan la participaci\u00f3n de 350 atletas, en las diferentes categor\u00edas convocadas: Libre, Master, Veteranos y Personas con Discapacidad.&nbsp;<\/p>\n\n\n\n<p>Las inscripciones ya est\u00e1n abiertas, con una cuota de recuperaci\u00f3n de 150 pesos, \u00fanicamente. Y la premiaci\u00f3n consiste en dinero en efectivo para los tres primeros lugares de cada categor\u00eda y rama, y en especie para los cuartos y quintos sitios.&nbsp;<\/p>\n","protected":false},"excerpt":{"rendered":"<p>Redacci\u00f3n\/Territorio Score Oaxaca de Ju\u00e1rez,, Oax., a 11 de noviembre de 2023.- El pr\u00f3ximo 3&hellip;<\/p>\n","protected":false},"author":2,"featured_media":61943,"comment_status":"closed","ping_status":"open","sticky":false,"template":"","format":"standard","meta":{"_lmt_disableupdate":"","_lmt_disable":"","_jetpack_memberships_contains_paid_content":false,"footnotes":""},"categories":[109,46],"tags":[337],"class_list":["post-61942","post","type-post","status-publish","format-standard","has-post-thumbnail","hentry","category-minuto-a-minuto","category-zona-blanca","tag-santa-lucia-del-camino"],"jetpack_featured_media_url":"https:\/\/zonaroja.com.mx\/wp-content\/uploads\/2023\/11\/Cam.jpg","jetpack_sharing_enabled":true,"_links":{"self":[{"href":"https:\/\/zonaroja.com.mx\/index.php?rest_route=\/wp\/v2\/posts\/61942","targetHints":{"allow":["GET"]}}],"collection":[{"href":"https:\/\/zonaroja.com.mx\/index.php?rest_route=\/wp\/v2\/posts"}],"about":[{"href":"https:\/\/zonaroja.com.mx\/index.php?rest_route=\/wp\/v2\/types\/post"}],"author":[{"embeddable":true,"href":"https:\/\/zonaroja.com.mx\/index.php?rest_route=\/wp\/v2\/users\/2"}],"replies":[{"embeddable":true,"href":"https:\/\/zonaroja.com.mx\/index.php?rest_route=%2Fwp%2Fv2%2Fcomments&post=61942"}],"version-history":[{"count":1,"href":"https:\/\/zonaroja.com.mx\/index.php?rest_route=\/wp\/v2\/posts\/61942\/revisions"}],"predecessor-version":[{"id":61944,"href":"https:\/\/zonaroja.com.mx\/index.php?rest_route=\/wp\/v2\/posts\/61942\/revisions\/61944"}],"wp:featuredmedia":[{"embeddable":true,"href":"https:\/\/zonaroja.com.mx\/index.php?rest_route=\/wp\/v2\/media\/61943"}],"wp:attachment":[{"href":"https:\/\/zonaroja.com.mx\/index.php?rest_route=%2Fwp%2Fv2%2Fmedia&parent=61942"}],"wp:term":[{"taxonomy":"category","embeddable":true,"href":"https:\/\/zonaroja.com.mx\/index.php?rest_route=%2Fwp%2Fv2%2Fcategories&post=61942"},{"taxonomy":"post_tag","embeddable":true,"href":"https:\/\/zonaroja.com.mx\/index.php?rest_route=%2Fwp%2Fv2%2Ftags&post=61942"}],"curies":[{"name":"wp","href":"https:\/\/api.w.org\/{rel}","templated":true}]}}