{"id":61945,"date":"2023-11-11T12:00:00","date_gmt":"2023-11-11T18:00:00","guid":{"rendered":"http:\/\/www.zonaroja.com.mx\/?p=61945"},"modified":"2023-11-11T07:35:30","modified_gmt":"2023-11-11T13:35:30","slug":"juez-frena-por-tiempo-indefinido-extincion-de-fideicomisos-del-pjf","status":"publish","type":"post","link":"https:\/\/zonaroja.com.mx\/?p=61945","title":{"rendered":"Juez frena por tiempo indefinido extinci\u00f3n de fideicomisos del PJF"},"content":{"rendered":"\n<p>Redacci\u00f3n\/Zona Roja Cdmx.<\/p>\n\n\n\n<p>Ciudad de M\u00e9xico, a 11 de noviembre de 2023.- El juez de Chihuahua, Juan Fernando Lu\u00e9vano Ovalle, titular del Juzgado D\u00e9cimo Segundo, concedi\u00f3 una suspensi\u00f3n definitiva a los juzgadores federales que impugnaron el decreto por el que se orden\u00f3 la extinci\u00f3n de 13 de los 14 fideicomisos del Poder Judicial de la Federaci\u00f3n (PJF).<\/p>\n\n\n\n<p>El juez orden\u00f3 a la Secretaria Ejecutiva de Administraci\u00f3n del Consejo de la Judicatura Federal, Secretar\u00eda de Hacienda y Cr\u00e9dito P\u00fablico y Tesorer\u00eda de la Federaci\u00f3n, abstenerse de aplicar el Decreto por el que la Secretar\u00eda de Gobernaci\u00f3n dio pie a la extinci\u00f3n de dichos fideicomisos.<\/p>\n\n\n\n<p>Al mismo tiempo, orden\u00f3 cancelar la extinci\u00f3n de los fideicomisos y garantizar la continuaci\u00f3n operaci\u00f3n y administraci\u00f3n por el cual fueron creados dichos fideicomisos.<\/p>\n\n\n\n<p>Lu\u00e9vano Ovalle suspendi\u00f3 as\u00ed de forma inmediata la entrega o transferencia de los recursos de los fideicomisos del CJF a cualquier autoridad del Ejecutivo Federal.<\/p>\n\n\n\n<p>\u00abLos efectos antes mencionados se traducen en cuanto a que dichos fideicomisos sigan con su operatividad regular en relaci\u00f3n a la finalidad por la cual fueron creados\u00bb, se\u00f1ala la sentencia.<\/p>\n\n\n\n<p>La suspensi\u00f3n permite que sigan operando con regularidad en relaci\u00f3n con la final para que fueron creados hasta que se resuelva en definitiva el amparo.<\/p>\n\n\n\n<p>A ESPERAR<\/p>\n\n\n\n<p>Este viernes, Luisa Mar\u00eda Alcalde, titular de la Secretar\u00eda de Gobernaci\u00f3n, durante la conferencia ma\u00f1anera del presidente Andr\u00e9s Manuel L\u00f3pez Obrador apunt\u00f3 que debido a los amparos que se han presentado, as\u00ed como de las acciones de inconstitucionalidad promovida en contra de la desaparici\u00f3n de estos fideicomisos, la ministra presidenta de la Suprema Corte de Justicia de la Naci\u00f3n, Norma Pi\u00f1a, se tendr\u00e1 que esperar a tener una resoluci\u00f3n por parte de los ministros de la Corte.<\/p>\n\n\n\n<p>Aunque se\u00f1al\u00f3 que han sido los propios jueces y magistrados quienes han promovido estos amparos y ellos mismo son quienes determinan las suspensiones.<\/p>\n\n\n\n<p>\u201cHay tres amparos con suspensi\u00f3n, hay una acci\u00f3n de inconstitucionalidad. La suspensiones han sido por jueces, magistrados de Chihuahua, por la asociaci\u00f3n de jueces y magistrados de la Ciudad de M\u00e9xico y de jubilados de Morelos, pero en el segundo amparo, el de la Asociaci\u00f3n de magistrados y jueces, la jueza de la causa era agremiada de la misma organizaci\u00f3n, entonces ella promueve el amparo y ella decide la suspensi\u00f3n, si eso no es conflicto de inter\u00e9s entonces no sabemos que signifique el conflicto de inter\u00e9s\u201d, dijo.<\/p>\n","protected":false},"excerpt":{"rendered":"<p>Redacci\u00f3n\/Zona Roja Cdmx. Ciudad de M\u00e9xico, a 11 de noviembre de 2023.- El juez de&hellip;<\/p>\n","protected":false},"author":2,"featured_media":61094,"comment_status":"closed","ping_status":"open","sticky":false,"template":"","format":"standard","meta":{"_lmt_disableupdate":"","_lmt_disable":"","_jetpack_memberships_contains_paid_content":false,"footnotes":""},"categories":[109,47],"tags":[3707],"class_list":["post-61945","post","type-post","status-publish","format-standard","has-post-thumbnail","hentry","category-minuto-a-minuto","category-zona-gris","tag-poder-judicial-de-la-federacion"],"jetpack_featured_media_url":"https:\/\/zonaroja.com.mx\/wp-content\/uploads\/2023\/10\/Protestas-Poder-Judicial-de-la-Federacion-extincion-fideicomisos.jpeg","jetpack_sharing_enabled":true,"_links":{"self":[{"href":"https:\/\/zonaroja.com.mx\/index.php?rest_route=\/wp\/v2\/posts\/61945","targetHints":{"allow":["GET"]}}],"collection":[{"href":"https:\/\/zonaroja.com.mx\/index.php?rest_route=\/wp\/v2\/posts"}],"about":[{"href":"https:\/\/zonaroja.com.mx\/index.php?rest_route=\/wp\/v2\/types\/post"}],"author":[{"embeddable":true,"href":"https:\/\/zonaroja.com.mx\/index.php?rest_route=\/wp\/v2\/users\/2"}],"replies":[{"embeddable":true,"href":"https:\/\/zonaroja.com.mx\/index.php?rest_route=%2Fwp%2Fv2%2Fcomments&post=61945"}],"version-history":[{"count":1,"href":"https:\/\/zonaroja.com.mx\/index.php?rest_route=\/wp\/v2\/posts\/61945\/revisions"}],"predecessor-version":[{"id":61946,"href":"https:\/\/zonaroja.com.mx\/index.php?rest_route=\/wp\/v2\/posts\/61945\/revisions\/61946"}],"wp:featuredmedia":[{"embeddable":true,"href":"https:\/\/zonaroja.com.mx\/index.php?rest_route=\/wp\/v2\/media\/61094"}],"wp:attachment":[{"href":"https:\/\/zonaroja.com.mx\/index.php?rest_route=%2Fwp%2Fv2%2Fmedia&parent=61945"}],"wp:term":[{"taxonomy":"category","embeddable":true,"href":"https:\/\/zonaroja.com.mx\/index.php?rest_route=%2Fwp%2Fv2%2Fcategories&post=61945"},{"taxonomy":"post_tag","embeddable":true,"href":"https:\/\/zonaroja.com.mx\/index.php?rest_route=%2Fwp%2Fv2%2Ftags&post=61945"}],"curies":[{"name":"wp","href":"https:\/\/api.w.org\/{rel}","templated":true}]}}