{"id":61960,"date":"2023-11-11T14:32:06","date_gmt":"2023-11-11T20:32:06","guid":{"rendered":"http:\/\/www.zonaroja.com.mx\/?p=61960"},"modified":"2023-11-11T14:32:09","modified_gmt":"2023-11-11T20:32:09","slug":"graban-abuso-policial-contra-dos-mujeres-en-san-jacinto-amilpa-exigen-justicia","status":"publish","type":"post","link":"https:\/\/zonaroja.com.mx\/?p=61960","title":{"rendered":"Graban abuso policial contra dos mujeres en San Jacinto Amilpa; exigen justicia \u00a0"},"content":{"rendered":"\n<p>Yuridiana Sosa\/Zona Roja.&nbsp;<\/p>\n\n\n\n<p>Oaxaca de Ju\u00e1rez, Oax., a 11 de noviembre de 2023.- En hechos diferentes, dos j\u00f3venes mujeres fueron violentadas ante el abuso policial de elementos de seguridad del municipio de San Jacinto Amilpas, los cuales quedaron grabados.&nbsp;<\/p>\n\n\n\n<p>Con gritos desesperados, una joven que caminaba sola solicit\u00f3 ayuda al ser detenida por&nbsp;polic\u00edas municipales la madrugada del viernes, aparentemente sin justificaci\u00f3n.&nbsp;<\/p>\n\n\n\n<p>De acuerdo al video de una c\u00e1mara de seguridad privada, alrededor de la 1:17 de la madrugada, los polic\u00edas detuvieron el paso de la mujer, quien fue identificada como Berenice, de 21 a\u00f1os; enseguida descendieron para revisar su bolso.&nbsp;<\/p>\n\n\n\n<p>En la grabaci\u00f3n se escucha que la joven indic\u00f3 que no ten\u00eda nada il\u00edcito en su mochila, sin embargo, los tres elementos la acorralaron contra la pared, y despu\u00e9s comenzaron acciones para su detenci\u00f3n.&nbsp;<\/p>\n\n\n\n<p>\u201c\u00a1Ayuda!, \u00a1Ayuda!, \u00a1Ayuda por favor!\u201d, grit\u00f3 con desesperaci\u00f3n la mujer, quien en menos de dos minutos fue detenida y subida por la fuerza a la camioneta de la polic\u00eda municipal.&nbsp;<\/p>\n\n\n\n<p>La familia de Berenice exigi\u00f3 la intervenci\u00f3n de la Defensor\u00eda de los Derechos Humanos del Pueblo de Oaxaca (DDHPO) y de la Fiscal\u00eda General de Oaxaca para sancionar dicho abuso.&nbsp;<\/p>\n\n\n\n<p>Pues denunciaron la tolerancia que tiene la edil, Gabriela D\u00edaz, sobre sus polic\u00edas, quienes en diversas ocasiones han cometido actos abusivos contra la ciudadan\u00eda.&nbsp;<\/p>\n\n\n\n<p>Otro abuso ocurri\u00f3 contra una joven que grab\u00f3 una presunta detenci\u00f3n injustificada, por lo que tambi\u00e9n fue llevada por la fuerza.&nbsp;<\/p>\n\n\n\n<p>El hecho qued\u00f3 evidenciado en la grabaci\u00f3n de otro ciudadano que tambi\u00e9n grababa la detenci\u00f3n de un var\u00f3n. En este evento, se apreci\u00f3 que los elementos forcejean con la v\u00edctima y otra mujer que trata de evitar que se lo llevaran. &nbsp;&nbsp;<\/p>\n\n\n\n<p>Sobre la banqueta se encontraba una joven grabando los hechos y al percatarse los elementos corrieron tras ella para detenerla y subirla por la fuerza a la patrulla.&nbsp;<\/p>\n\n\n\n<p>Ciudadanos reprobaron la acci\u00f3n de los polic\u00edas, quienes presentan deficiencias en su labor frente a las necesidades de la poblaci\u00f3n por hechos violentos o vand\u00e1licos.<\/p>\n","protected":false},"excerpt":{"rendered":"<p>Yuridiana Sosa\/Zona Roja.&nbsp; Oaxaca de Ju\u00e1rez, Oax., a 11 de noviembre de 2023.- En hechos&hellip;<\/p>\n","protected":false},"author":2,"featured_media":61961,"comment_status":"closed","ping_status":"open","sticky":false,"template":"","format":"standard","meta":{"_lmt_disableupdate":"","_lmt_disable":"","_jetpack_memberships_contains_paid_content":false,"footnotes":""},"categories":[109,47],"tags":[77],"class_list":["post-61960","post","type-post","status-publish","format-standard","has-post-thumbnail","hentry","category-minuto-a-minuto","category-zona-gris","tag-san-jacinto-amilpas"],"jetpack_featured_media_url":"https:\/\/zonaroja.com.mx\/wp-content\/uploads\/2023\/11\/Abusos-policia-San-Jacinto-Amilpas.jpg","jetpack_sharing_enabled":true,"_links":{"self":[{"href":"https:\/\/zonaroja.com.mx\/index.php?rest_route=\/wp\/v2\/posts\/61960","targetHints":{"allow":["GET"]}}],"collection":[{"href":"https:\/\/zonaroja.com.mx\/index.php?rest_route=\/wp\/v2\/posts"}],"about":[{"href":"https:\/\/zonaroja.com.mx\/index.php?rest_route=\/wp\/v2\/types\/post"}],"author":[{"embeddable":true,"href":"https:\/\/zonaroja.com.mx\/index.php?rest_route=\/wp\/v2\/users\/2"}],"replies":[{"embeddable":true,"href":"https:\/\/zonaroja.com.mx\/index.php?rest_route=%2Fwp%2Fv2%2Fcomments&post=61960"}],"version-history":[{"count":1,"href":"https:\/\/zonaroja.com.mx\/index.php?rest_route=\/wp\/v2\/posts\/61960\/revisions"}],"predecessor-version":[{"id":61962,"href":"https:\/\/zonaroja.com.mx\/index.php?rest_route=\/wp\/v2\/posts\/61960\/revisions\/61962"}],"wp:featuredmedia":[{"embeddable":true,"href":"https:\/\/zonaroja.com.mx\/index.php?rest_route=\/wp\/v2\/media\/61961"}],"wp:attachment":[{"href":"https:\/\/zonaroja.com.mx\/index.php?rest_route=%2Fwp%2Fv2%2Fmedia&parent=61960"}],"wp:term":[{"taxonomy":"category","embeddable":true,"href":"https:\/\/zonaroja.com.mx\/index.php?rest_route=%2Fwp%2Fv2%2Fcategories&post=61960"},{"taxonomy":"post_tag","embeddable":true,"href":"https:\/\/zonaroja.com.mx\/index.php?rest_route=%2Fwp%2Fv2%2Ftags&post=61960"}],"curies":[{"name":"wp","href":"https:\/\/api.w.org\/{rel}","templated":true}]}}