{"id":61963,"date":"2023-11-11T16:32:00","date_gmt":"2023-11-11T22:32:00","guid":{"rendered":"http:\/\/www.zonaroja.com.mx\/?p=61963"},"modified":"2023-11-11T14:38:49","modified_gmt":"2023-11-11T20:38:49","slug":"evidencian-regidoras-de-oaxaca-capital-tolerancia-de-violencia-en-policia-municipal","status":"publish","type":"post","link":"https:\/\/zonaroja.com.mx\/?p=61963","title":{"rendered":"Evidencian regidoras de Oaxaca capital tolerancia de violencia en polic\u00eda municipal\u00a0"},"content":{"rendered":"\n<p>Yuridiana Sosa\/Zona Roja. &nbsp;<\/p>\n\n\n\n<p>Oaxaca de Ju\u00e1rez, Oax., a 11 de noviembre de 2023.- Tras la agresi\u00f3n f\u00edsica y desmedida de un polic\u00eda municipal de la capital contra una mujer, regidoras del ayuntamiento que encabeza Francisco Mart\u00ednez Neri se\u00f1alaron que existen diversas quejas de violencia de g\u00e9nero cometidas por los elementos, sin que existan sanciones al respecto.&nbsp;<\/p>\n\n\n\n<p>En sesi\u00f3n de Cabildo del pasado jueves, y a la que se ausent\u00f3 el edil, la regidora de Derechos Humanos, Mirna L\u00f3pez Torres, del PAN, y la de Igualdad de G\u00e9nero, Deyanira Altamirano, de Morena, demandaron al secretario de Seguridad Ciudadana, Vialidad y Protecci\u00f3n Civil, Ra\u00fal \u00c1vila Ibarra a revisar y tomar acciones contra los polic\u00edas con quejas&nbsp;de ejercer violencia o cuenten con alguna adicci\u00f3n.&nbsp;<\/p>\n\n\n\n<p>La panista reprob\u00f3 que pese a los talleres que se han realizado entre la polic\u00eda para la erradicaci\u00f3n de la violencia de g\u00e9nero se sigan presentando actos de ese tipo.&nbsp;<\/p>\n\n\n\n<p>Como ocurri\u00f3 contra una mujer por parte del elemento identificado como Rey C., quien antes de ser suspendido de sus funciones era polic\u00eda segundo y estaba asignado a inmediaciones de la Central de Abasto.&nbsp;<\/p>\n\n\n\n<p>La presunta pareja del polic\u00eda fue brutalmente golpeada, primero con un palo y luego a pu\u00f1o cerrada en la cara. La agresi\u00f3n qued\u00f3 grabada y despu\u00e9s difundida.&nbsp;<\/p>\n\n\n\n<p>L\u00f3pez Torres asegur\u00f3 que existen otras quejas de polic\u00edas violentos que siguen sin ser atendidas, por lo que tambi\u00e9n llam\u00f3 al \u00f3rgano de control interno a revisarlas y tomar acciones antes que las situaciones se agraven, como ocurri\u00f3 recientemente al no atenderse con prontitud las quejas sobre ese elemento.&nbsp;<\/p>\n\n\n\n<p>Ante este panorama consider\u00f3 urgente reforzar labores sobre los elementos respecto a evitar la violencia de g\u00e9nero; reeducar a los polic\u00edas, atender temas psicol\u00f3gicos, alcoholismo y adicciones. &nbsp;<\/p>\n\n\n\n<p>Desafortunadamente, como integrante de la Comisi\u00f3n de Seguridad, se da cuenta que diversos problemas en la Polic\u00eda Municipal no se abordan. &nbsp;<\/p>\n\n\n\n<p>Por su parte, la regidora de Igualdad de G\u00e9nero, Deyanira Altamirano, se sum\u00f3 al posicionamiento y llamado de su hom\u00f3loga y se\u00f1al\u00f3 que como Cabildo no deben pasar por alto dichos actos de sus elementos. &nbsp;<\/p>\n\n\n\n<p>INVESTIGACI\u00d3N&nbsp;<\/p>\n\n\n\n<p>Tras confirmar que se trataba de uno de sus polic\u00edas municipales, el Ayuntamiento de Oaxaca de Ju\u00e1rez inform\u00f3 que el elemento fue suspendido de sus funciones y contra quien abri\u00f3 una investigaci\u00f3n interna.&nbsp;&nbsp;<\/p>\n\n\n\n<p>La Fiscal\u00eda General de Oaxaca (FGEO) inform\u00f3 que&nbsp;inici\u00f3 la carpeta de investigaci\u00f3n 37826\/FMUJ\/UDVF\/ 2023 por el delito de Violencia Familiar; mientras que la Defensor\u00eda de los Derechos Humanos del Pueblo de Oaxaca (DDHPO) inici\u00f3 el expediente DDHPO\/1778\/(01)OAX\/2023 en contra del polic\u00eda municipal por el presunto abuso policial en agravio de una mujer y dos hombres.<\/p>\n","protected":false},"excerpt":{"rendered":"<p>Yuridiana Sosa\/Zona Roja. &nbsp; Oaxaca de Ju\u00e1rez, Oax., a 11 de noviembre de 2023.- Tras&hellip;<\/p>\n","protected":false},"author":2,"featured_media":61964,"comment_status":"closed","ping_status":"open","sticky":false,"template":"","format":"standard","meta":{"_lmt_disableupdate":"","_lmt_disable":"","_jetpack_memberships_contains_paid_content":false,"footnotes":""},"categories":[109,47],"tags":[148],"class_list":["post-61963","post","type-post","status-publish","format-standard","has-post-thumbnail","hentry","category-minuto-a-minuto","category-zona-gris","tag-oaxaca-de-juarez"],"jetpack_featured_media_url":"https:\/\/zonaroja.com.mx\/wp-content\/uploads\/2023\/11\/Sesion-Cabildo-Oaxaca-sin-Neri.jpg","jetpack_sharing_enabled":true,"_links":{"self":[{"href":"https:\/\/zonaroja.com.mx\/index.php?rest_route=\/wp\/v2\/posts\/61963","targetHints":{"allow":["GET"]}}],"collection":[{"href":"https:\/\/zonaroja.com.mx\/index.php?rest_route=\/wp\/v2\/posts"}],"about":[{"href":"https:\/\/zonaroja.com.mx\/index.php?rest_route=\/wp\/v2\/types\/post"}],"author":[{"embeddable":true,"href":"https:\/\/zonaroja.com.mx\/index.php?rest_route=\/wp\/v2\/users\/2"}],"replies":[{"embeddable":true,"href":"https:\/\/zonaroja.com.mx\/index.php?rest_route=%2Fwp%2Fv2%2Fcomments&post=61963"}],"version-history":[{"count":1,"href":"https:\/\/zonaroja.com.mx\/index.php?rest_route=\/wp\/v2\/posts\/61963\/revisions"}],"predecessor-version":[{"id":61965,"href":"https:\/\/zonaroja.com.mx\/index.php?rest_route=\/wp\/v2\/posts\/61963\/revisions\/61965"}],"wp:featuredmedia":[{"embeddable":true,"href":"https:\/\/zonaroja.com.mx\/index.php?rest_route=\/wp\/v2\/media\/61964"}],"wp:attachment":[{"href":"https:\/\/zonaroja.com.mx\/index.php?rest_route=%2Fwp%2Fv2%2Fmedia&parent=61963"}],"wp:term":[{"taxonomy":"category","embeddable":true,"href":"https:\/\/zonaroja.com.mx\/index.php?rest_route=%2Fwp%2Fv2%2Fcategories&post=61963"},{"taxonomy":"post_tag","embeddable":true,"href":"https:\/\/zonaroja.com.mx\/index.php?rest_route=%2Fwp%2Fv2%2Ftags&post=61963"}],"curies":[{"name":"wp","href":"https:\/\/api.w.org\/{rel}","templated":true}]}}