{"id":61966,"date":"2023-11-11T17:38:00","date_gmt":"2023-11-11T23:38:00","guid":{"rendered":"http:\/\/www.zonaroja.com.mx\/?p=61966"},"modified":"2023-11-11T14:44:56","modified_gmt":"2023-11-11T20:44:56","slug":"con-exposicion-procesos-del-maestro-toledo-celebra-el-iago-xxxv-aniversario","status":"publish","type":"post","link":"https:\/\/zonaroja.com.mx\/?p=61966","title":{"rendered":"Con exposici\u00f3n \u201cProcesos\u201d del maestro Toledo, celebra el IAGO XXXV aniversario"},"content":{"rendered":"\n<p>Redacci\u00f3n\/Zona Roja.<\/p>\n\n\n\n<p>Oaxaca de Ju\u00e1rez, Oax., a 11 de noviembre de 2023.- Su inter\u00e9s por la gr\u00e1fica llev\u00f3 al artista Francisco Toledo a crear un museo dedicado a esta t\u00e9cnica hace 35 a\u00f1os, el Instituto de Artes Gr\u00e1ficas de Oaxaca (IAGO), el cual ha sido una parte fundamental para que en Oaxaca exista un desarrollo importante en la gr\u00e1fica.<\/p>\n\n\n\n<p>Para celebrar su XXXV aniversario, este mes de noviembre, el IAGO albergar\u00e1 en su museo,&nbsp;\u201cProcesos\u201d, exposici\u00f3n de Francisco Toledo conformada por m\u00e1s de 150 pruebas de estado y de autor.<\/p>\n\n\n\n<p>\u201cEl maestro Toledo siempre mostr\u00f3 inter\u00e9s por la gr\u00e1fica, abri\u00f3 el IAGO en un tiempo en que en Oaxaca no exist\u00edan tantos espacios culturales, pero siempre quiso acercar a la gente al arte y poner la educaci\u00f3n al alcance de m\u00e1s personas. Para recordarlo planeamos una exposici\u00f3n de \u00e9l, pero sobre todo para mostrar el proceso en la gr\u00e1fica y compartir c\u00f3mo llegaba a la obra final, adem\u00e1s de que lo que ver\u00e1n, muchas son piezas \u00fanicas\u201d, detall\u00f3 Hazam Jara, director del IAGO.<\/p>\n\n\n\n<p>Jara agradeci\u00f3 el apoyo de la familia del artista para hacer posible esta exposici\u00f3n y las diferentes actividades que se realizan en coordinaci\u00f3n con el Instituto Nacional de Bellas Artes y Literatura (INBAL).<\/p>\n\n\n\n<p>En 2018 en una entrevista Toledo platic\u00f3 que tuvo una formaci\u00f3n gr\u00e1fica desde temprana edad cuando lleg\u00f3 a estudiar a Oaxaca en 1953 a la Escuela de Bellas Artes y en 1955, \u201ca la edad de 15 a\u00f1os, entr\u00e9 al taller de grabado de Arturo Garc\u00eda Bustos, continu\u00e9 en la Escuela de Dise\u00f1o y Artesan\u00edas en la Ciudadela en la Ciudad de M\u00e9xico, despu\u00e9s en Par\u00eds hice litograf\u00eda y a m\u00ed regreso continu\u00e9 con el grabado en madera y metal\u201d.&nbsp;<\/p>\n\n\n\n<p>\u201cHe hecho cer\u00e1mica, objetos, dibujos, pinturas y acuarelas, un poco de todo, creo que en los libros que se han editado de mi obra se puede ver que hay un artista que se ha metido en todo\u201d, detall\u00f3.<\/p>\n\n\n\n<p>Fernando Sandoval y Jes\u00fas S\u00e1nchez, dos de los impresores con los que Toledo trabaj\u00f3 en el Taller Sangfer durante los \u00faltimos veinte a\u00f1os de vida, platicaron en torno al proceso creativo del artista.<br>\u201cLos papeles que podemos ver en la exposici\u00f3n se llaman prueba de estado, y consiste en sacar una prueba, para ver \u2018c\u00f3mo va\u2019 el grabado, para ver \u2018en qu\u00e9 cap\u00edtulo vamos\u2019, el primer cap\u00edtulo es siempre la primera estampa de lo que est\u00e1 sucediendo y despu\u00e9s de eso que m\u00e1s le iba a poner o si ya estaba lista. Les puedo decir que en los a\u00f1os que trabajamos con Toledo, hubo solo dos o tres grabados que a la primera quedaron, porque no necesitaban m\u00e1s, entonces ah\u00ed s\u00ed nos quedamos sin pruebas de estado. Pero siempre trabajar con Toledo era hacerlo con varias placas a la vez, ya sea en blanco y negro o en color, y sacando muchas, muchas pruebas de estado\u201d, explic\u00f3 Sandoval.&nbsp;<\/p>\n\n\n\n<p>Agreg\u00f3 que en ocasiones guardaban la placa, pasaba el tiempo y Toledo regresaba la ped\u00eda y comenzaban otra vez el proceso, \u201ctrabajando siempre \u00e9l, y nosotros ayudando como t\u00e9cnicos. Nosotros apoyando, ya sea en el \u00e1cido o a veces compartiendo alg\u00fan consejo sobre la impresi\u00f3n. En el grabado hay dos t\u00e9cnicas que es el momento de la impresi\u00f3n y la del proceso de la placa, entonces Jes\u00fas es el impresor del taller, \u00e9l se llev\u00f3 mucho tiempo con el maestro Toledo sacando copias de estado\u201d.<\/p>\n\n\n\n<p>S\u00e1nchez record\u00f3 c\u00f3mo hac\u00edan las pruebas, \u201cel maestro a veces nos dec\u00eda \u2018\u00bfqu\u00e9 colores me aconseja?\u2019 o \u2018a ese color p\u00f3ngale otro poco de este otro\u2019, lo hac\u00eda para cambiarlo, para calentarlo, para hacerlo m\u00e1s firme, \u2018pongale m\u00e1s color tierra\u2019. Cuando trabajamos muchos autorretratos en madera con tinta metida y encima el entintado con rodillo, era estar buscando colores hasta que el maestro comenzaba a decir, \u2018est\u00e1 muy claro\u2019, \u2018ahora est\u00e1 muy oscuro\u2019, \u2018p\u00f3ngale un poquito de esto\u2019 era estar buscando y revisando la presi\u00f3n del papel, que estuviera bien h\u00famedo, secar la tinta, que no estuviera muy espesa, luego que no estuviera muy l\u00edquida\u201d.<\/p>\n","protected":false},"excerpt":{"rendered":"<p>Redacci\u00f3n\/Zona Roja. Oaxaca de Ju\u00e1rez, Oax., a 11 de noviembre de 2023.- Su inter\u00e9s por&hellip;<\/p>\n","protected":false},"author":2,"featured_media":61967,"comment_status":"closed","ping_status":"open","sticky":false,"template":"","format":"standard","meta":{"_lmt_disableupdate":"","_lmt_disable":"","_jetpack_memberships_contains_paid_content":false,"footnotes":""},"categories":[109,46],"tags":[677],"class_list":["post-61966","post","type-post","status-publish","format-standard","has-post-thumbnail","hentry","category-minuto-a-minuto","category-zona-blanca","tag-francisco-toledo"],"jetpack_featured_media_url":"https:\/\/zonaroja.com.mx\/wp-content\/uploads\/2023\/11\/Expisicion-Toledo-IAGO.jpg","jetpack_sharing_enabled":true,"_links":{"self":[{"href":"https:\/\/zonaroja.com.mx\/index.php?rest_route=\/wp\/v2\/posts\/61966","targetHints":{"allow":["GET"]}}],"collection":[{"href":"https:\/\/zonaroja.com.mx\/index.php?rest_route=\/wp\/v2\/posts"}],"about":[{"href":"https:\/\/zonaroja.com.mx\/index.php?rest_route=\/wp\/v2\/types\/post"}],"author":[{"embeddable":true,"href":"https:\/\/zonaroja.com.mx\/index.php?rest_route=\/wp\/v2\/users\/2"}],"replies":[{"embeddable":true,"href":"https:\/\/zonaroja.com.mx\/index.php?rest_route=%2Fwp%2Fv2%2Fcomments&post=61966"}],"version-history":[{"count":1,"href":"https:\/\/zonaroja.com.mx\/index.php?rest_route=\/wp\/v2\/posts\/61966\/revisions"}],"predecessor-version":[{"id":61968,"href":"https:\/\/zonaroja.com.mx\/index.php?rest_route=\/wp\/v2\/posts\/61966\/revisions\/61968"}],"wp:featuredmedia":[{"embeddable":true,"href":"https:\/\/zonaroja.com.mx\/index.php?rest_route=\/wp\/v2\/media\/61967"}],"wp:attachment":[{"href":"https:\/\/zonaroja.com.mx\/index.php?rest_route=%2Fwp%2Fv2%2Fmedia&parent=61966"}],"wp:term":[{"taxonomy":"category","embeddable":true,"href":"https:\/\/zonaroja.com.mx\/index.php?rest_route=%2Fwp%2Fv2%2Fcategories&post=61966"},{"taxonomy":"post_tag","embeddable":true,"href":"https:\/\/zonaroja.com.mx\/index.php?rest_route=%2Fwp%2Fv2%2Ftags&post=61966"}],"curies":[{"name":"wp","href":"https:\/\/api.w.org\/{rel}","templated":true}]}}