{"id":61976,"date":"2023-11-12T07:50:00","date_gmt":"2023-11-12T13:50:00","guid":{"rendered":"http:\/\/www.zonaroja.com.mx\/?p=61976"},"modified":"2023-11-12T07:28:04","modified_gmt":"2023-11-12T13:28:04","slug":"llaman-a-hacer-uso-responsable-del-agua-ante-crisis-hidrica","status":"publish","type":"post","link":"https:\/\/zonaroja.com.mx\/?p=61976","title":{"rendered":"Llaman a hacer uso responsable del agua, ante crisis h\u00eddrica"},"content":{"rendered":"\n<p>Redacci\u00f3n\/Zona Roja.<\/p>\n\n\n\n<p>Oaxaca de Ju\u00e1rez, Oax., 12 de noviembre de 2023.- Autoridades de los poderes Ejecutivo y Legislativo alertaron sobre la creciente crisis h\u00eddrica generada por el cambio clim\u00e1tico y el uso irresponsable de los recursos naturales y llamaron a cuidar el agua.<\/p>\n\n\n\n<p>El Centro Cultural y de Convenciones fue sede del Foro \u201cAgenda del Agua: Por un futuro sustentable para Oaxaca\u201d, convocado por la diputada independiente Mariana Ben\u00edtez Tiburcio, y a cuya clausura acudi\u00f3 el gobernador Salom\u00f3n Jara Cruz.<\/p>\n\n\n\n<p>\u201cEn este espacio escuchamos todas las voces para crear pol\u00edticas efectivas a los desaf\u00edos cr\u00edticos que nos enfrentamos en nuestro estado: acceso al agua, ordenamiento h\u00eddrico y eliminaci\u00f3n de la contaminaci\u00f3n. Trabajamos juntos para dise\u00f1ar un programa del agua a largo plazo, reconociendo la gravedad de la escasez y la falta de cuidado del agua\u201d, destac\u00f3 la legisladora local. &nbsp;<\/p>\n\n\n\n<p>Luego de varias ponencias por parte de expertos y autoridades de los tres niveles de gobierno, Ben\u00edtez Tiburcio ley\u00f3 las conclusiones que se dieron en el foro.<\/p>\n\n\n\n<p>Entre \u00e9stas destacan la necesidad de actualizar la legislaci\u00f3n nacional y estatal en materia h\u00eddrica; elaborar programas acorde a las demandas de la ciudadan\u00eda para garantizar el vital l\u00edquido; abatir tambi\u00e9n la crisis presupuestal para enfrentar la problem\u00e1tica.<\/p>\n\n\n\n<p>Debido a que el 78 por ciento del agua es de uso agr\u00edcola, se requiere tecnificar m\u00e1s el campo para aprovechar mejor el vital l\u00edquido y reducir el consumo del agua en riego masivo.<\/p>\n\n\n\n<p>Asimismo, repensar la reconstrucci\u00f3n de urbes frente a la crisis del agua; promover la recuperaci\u00f3n de plantas de aguas residuales e implementar programas de manejo de cuencas.<\/p>\n\n\n\n<p>La diputada independiente, presidenta de la Comisi\u00f3n Permanente de Agua y Saneamiento del Congreso del Estado, agradeci\u00f3 el respaldo de los secretarios del Medio Ambiente, Karena Unda Harp, y de Infraestructuras, Netzahualc\u00f3yotl Salvatierra, para llevar a cabo esta y dem\u00e1s actividades en pro del cuidado del vital l\u00edquido.<\/p>\n\n\n\n<p>USO SOSTENIBLE<\/p>\n\n\n\n<p>Por su parte, durante el acto de clausura del foro, el mandatario Salom\u00f3n Jara sostuvo que en esta \u00e9poca compleja marcada por el cambio clim\u00e1tico, es indispensable hacer un uso sostenible de los recursos h\u00eddricos para garantizar la productividad del campo, el desarrollo industrial, la seguridad alimentaria, el suministro de agua potable y la salud de los ecosistemas.<\/p>\n\n\n\n<p>Subray\u00f3 que este tipo de iniciativas son importantes, ya que ayudan a construir desde lo social una defensa puntual de este recurso esencial para los seres vivos; dijo que el gobierno estatal ha buscado y generado estrategias a corto, mediano y largo plazo para garantizar que todas y todos tengan acceso al agua.<\/p>\n\n\n\n<p>\u201cEs por eso que en esta primera etapa se est\u00e1n entregando 27 millones de litros de agua potable, un acuerdo hist\u00f3rico con el sector empresarial. Asimismo, se han rehabilitado pozos que abastecen de agua a la capital oaxaque\u00f1a y m\u00e1s adelante se anunciar\u00e1 el plan integral para el abastecimiento de este vital l\u00edquido\u201d, destac\u00f3.<\/p>\n\n\n\n<p>Jara Cruz reiter\u00f3 su compromiso para el saneamiento de los afluentes del estado y agradeci\u00f3 la realizaci\u00f3n de este foro, cuyos resultados ser\u00e1n un aliciente para Oaxaca y sus pr\u00f3ximas generaciones.<\/p>\n","protected":false},"excerpt":{"rendered":"<p>Redacci\u00f3n\/Zona Roja. Oaxaca de Ju\u00e1rez, Oax., 12 de noviembre de 2023.- Autoridades de los poderes&hellip;<\/p>\n","protected":false},"author":2,"featured_media":61973,"comment_status":"closed","ping_status":"open","sticky":false,"template":"","format":"standard","meta":{"_lmt_disableupdate":"","_lmt_disable":"","_jetpack_memberships_contains_paid_content":false,"footnotes":""},"categories":[109,46],"tags":[2969],"class_list":["post-61976","post","type-post","status-publish","format-standard","has-post-thumbnail","hentry","category-minuto-a-minuto","category-zona-blanca","tag-mariana-benitez-tiburcio"],"jetpack_featured_media_url":"https:\/\/zonaroja.com.mx\/wp-content\/uploads\/2023\/11\/Mariana-Benitez-y-Salomon-Jara.jpg","jetpack_sharing_enabled":true,"_links":{"self":[{"href":"https:\/\/zonaroja.com.mx\/index.php?rest_route=\/wp\/v2\/posts\/61976","targetHints":{"allow":["GET"]}}],"collection":[{"href":"https:\/\/zonaroja.com.mx\/index.php?rest_route=\/wp\/v2\/posts"}],"about":[{"href":"https:\/\/zonaroja.com.mx\/index.php?rest_route=\/wp\/v2\/types\/post"}],"author":[{"embeddable":true,"href":"https:\/\/zonaroja.com.mx\/index.php?rest_route=\/wp\/v2\/users\/2"}],"replies":[{"embeddable":true,"href":"https:\/\/zonaroja.com.mx\/index.php?rest_route=%2Fwp%2Fv2%2Fcomments&post=61976"}],"version-history":[{"count":1,"href":"https:\/\/zonaroja.com.mx\/index.php?rest_route=\/wp\/v2\/posts\/61976\/revisions"}],"predecessor-version":[{"id":61977,"href":"https:\/\/zonaroja.com.mx\/index.php?rest_route=\/wp\/v2\/posts\/61976\/revisions\/61977"}],"wp:featuredmedia":[{"embeddable":true,"href":"https:\/\/zonaroja.com.mx\/index.php?rest_route=\/wp\/v2\/media\/61973"}],"wp:attachment":[{"href":"https:\/\/zonaroja.com.mx\/index.php?rest_route=%2Fwp%2Fv2%2Fmedia&parent=61976"}],"wp:term":[{"taxonomy":"category","embeddable":true,"href":"https:\/\/zonaroja.com.mx\/index.php?rest_route=%2Fwp%2Fv2%2Fcategories&post=61976"},{"taxonomy":"post_tag","embeddable":true,"href":"https:\/\/zonaroja.com.mx\/index.php?rest_route=%2Fwp%2Fv2%2Ftags&post=61976"}],"curies":[{"name":"wp","href":"https:\/\/api.w.org\/{rel}","templated":true}]}}