{"id":61978,"date":"2023-11-12T08:55:00","date_gmt":"2023-11-12T14:55:00","guid":{"rendered":"http:\/\/www.zonaroja.com.mx\/?p=61978"},"modified":"2023-11-12T07:33:55","modified_gmt":"2023-11-12T13:33:55","slug":"insiste-la-seccion-22-en-rechazar-uso-politico-de-uniformes-y-materiales-escolares","status":"publish","type":"post","link":"https:\/\/zonaroja.com.mx\/?p=61978","title":{"rendered":"Insiste la Secci\u00f3n 22 en rechazar uso pol\u00edtico de uniformes y materiales escolares"},"content":{"rendered":"\n<p>Ismael Garc\u00eda M.\/Zona Roja.<\/p>\n\n\n\n<p>Oaxaca de Ju\u00e1rez, Oax., a 12 de noviembre de 2023.- En menos de una semana, la Secci\u00f3n 22 del SNTE reiter\u00f3 su rechazo al uso pol\u00edtico-electoral de la entrega de \u00fatiles escolares y uniformes escolares por parte del Instituto Estatal de Educaci\u00f3n P\u00fablica de Oaxaca (IEEPO) y se atribuy\u00f3 este logro como propio de su lucha.<\/p>\n\n\n\n<p>La gremial \u201clucha pol\u00edticamente por mejorar la educaci\u00f3n y condiciones de vida de nuestros estudiantes, donde la dotaci\u00f3n de uniformes, \u00fatiles escolares y calzado, ha sido una demanda prioritaria en nuestra lucha sindical.&nbsp;<\/p>\n\n\n\n<p>Nuestro Movimiento Democr\u00e1tico de Trabajadores de la Educaci\u00f3n de Oaxaca (MTDEO) con la lucha en las calles ha logrado estos beneficios para los ni\u00f1os, ni\u00f1as y adolescentes de nuestra entidad\u201d, dijo.<\/p>\n\n\n\n<p>En un comunicado, destac\u00f3 que en la mesa de negociaci\u00f3n nacional del d\u00eda 12 de septiembre de 2023 se concretara la dotaci\u00f3n de dos uniformes de uso diario y en la mesa de negociaci\u00f3n del 12 de octubre se agregara el uniforme deportivo para todo el alumnado de la entidad, \u201cdemanda y logro que exigimos que &nbsp;se mantenga en los pr\u00f3ximos ciclos escolares\u201d. &nbsp;&nbsp;<\/p>\n\n\n\n<p>Por ello, rechaz\u00f3 \u201cel oportunismo pol\u00edtico del gobierno estatal ante un logro de este movimiento\u201d, dijo, postura que emiti\u00f3 el pasado jueves 9 de noviembre durante una conferencia de prensa en su sede principal.<\/p>\n\n\n\n<p>\u201cEl d\u00eda de hoy, el Gobierno del Estado mediatiza con fines proselitistas una pol\u00edtica p\u00fablica que no vio luz en la intenci\u00f3n de beneficiar al pueblo, sino que soslaya lo que es y seguir\u00e1 siendo una conquista hist\u00f3rica del Movimiento Democr\u00e1tico de los Trabajadores de la Educaci\u00f3n de Oaxaca\u201d, remarc\u00f3 en su comunicado.&nbsp;<\/p>\n\n\n\n<p>Reiter\u00f3 asimismo sus exigencias exigencias y demandas, entre ellas la mejora de las condiciones materiales de los estudiantes y la expansi\u00f3n de la infraestructura en el estado.&nbsp;<\/p>\n\n\n\n<p>Ma\u00f1ana lunes, la Secci\u00f3n 22 del SNTE tiene una nueva mesa de trabajo a nivel nacional en la Secretar\u00eda de Gobernaci\u00f3n con las autoridades de Oaxaca, con la finalidad de revisar los pendientes que han planteado; para ello, una representaci\u00f3n sindical se movilizar\u00e1 a la ciudad de M\u00e9xico.<\/p>\n","protected":false},"excerpt":{"rendered":"<p>Ismael Garc\u00eda M.\/Zona Roja. Oaxaca de Ju\u00e1rez, Oax., a 12 de noviembre de 2023.- En&hellip;<\/p>\n","protected":false},"author":2,"featured_media":61979,"comment_status":"closed","ping_status":"open","sticky":false,"template":"","format":"standard","meta":{"_lmt_disableupdate":"","_lmt_disable":"","_jetpack_memberships_contains_paid_content":false,"footnotes":""},"categories":[109,47],"tags":[312],"class_list":["post-61978","post","type-post","status-publish","format-standard","has-post-thumbnail","hentry","category-minuto-a-minuto","category-zona-gris","tag-seccion-22-del-snte"],"jetpack_featured_media_url":"https:\/\/zonaroja.com.mx\/wp-content\/uploads\/2023\/11\/Miahuatlan-materiales-educativos-IEEPOP.jpeg","jetpack_sharing_enabled":true,"_links":{"self":[{"href":"https:\/\/zonaroja.com.mx\/index.php?rest_route=\/wp\/v2\/posts\/61978","targetHints":{"allow":["GET"]}}],"collection":[{"href":"https:\/\/zonaroja.com.mx\/index.php?rest_route=\/wp\/v2\/posts"}],"about":[{"href":"https:\/\/zonaroja.com.mx\/index.php?rest_route=\/wp\/v2\/types\/post"}],"author":[{"embeddable":true,"href":"https:\/\/zonaroja.com.mx\/index.php?rest_route=\/wp\/v2\/users\/2"}],"replies":[{"embeddable":true,"href":"https:\/\/zonaroja.com.mx\/index.php?rest_route=%2Fwp%2Fv2%2Fcomments&post=61978"}],"version-history":[{"count":1,"href":"https:\/\/zonaroja.com.mx\/index.php?rest_route=\/wp\/v2\/posts\/61978\/revisions"}],"predecessor-version":[{"id":61980,"href":"https:\/\/zonaroja.com.mx\/index.php?rest_route=\/wp\/v2\/posts\/61978\/revisions\/61980"}],"wp:featuredmedia":[{"embeddable":true,"href":"https:\/\/zonaroja.com.mx\/index.php?rest_route=\/wp\/v2\/media\/61979"}],"wp:attachment":[{"href":"https:\/\/zonaroja.com.mx\/index.php?rest_route=%2Fwp%2Fv2%2Fmedia&parent=61978"}],"wp:term":[{"taxonomy":"category","embeddable":true,"href":"https:\/\/zonaroja.com.mx\/index.php?rest_route=%2Fwp%2Fv2%2Fcategories&post=61978"},{"taxonomy":"post_tag","embeddable":true,"href":"https:\/\/zonaroja.com.mx\/index.php?rest_route=%2Fwp%2Fv2%2Ftags&post=61978"}],"curies":[{"name":"wp","href":"https:\/\/api.w.org\/{rel}","templated":true}]}}