{"id":6198,"date":"2019-11-29T18:10:13","date_gmt":"2019-11-30T00:10:13","guid":{"rendered":"http:\/\/www.zonaroja.com.mx\/?p=6198"},"modified":"2019-11-29T18:17:17","modified_gmt":"2019-11-30T00:17:17","slug":"este-fin-de-semana-oaxaca-realiza-su-novena-feria-de-la-agrodiversidad","status":"publish","type":"post","link":"https:\/\/zonaroja.com.mx\/?p=6198","title":{"rendered":"Este fin de semana, Oaxaca realiza su Novena Feria de la Agrodiversidad."},"content":{"rendered":"\n<p>Evlin Arag\u00f3n\/Zona Roja.<\/p>\n\n\n\n<p>Oaxaca de Ju\u00e1rez, Oax., 29 de noviembre\nde 2019.- Este s\u00e1bado 30 de noviembre se llevar\u00e1 a cabo la novena emisi\u00f3n de la\nFeria Estatal de la Agrodiversidad, que como cada a\u00f1o tiene como sede el ejido\nUni\u00f3n Zapata, perteneciente a San Pablo Villa de Mitla.<\/p>\n\n\n\n<p>Se trata de la feria m\u00e1s grande del pa\u00eds\nen este rubro, la cual tiene proyectado reunir a cientos de productoras y\nproductores de seis estados de la Rep\u00fablica Mexicana que conservan y mejoran\nsus semillas nativas: Tlaxcala, Puebla, Yucat\u00e1n, Chiapas, Michoac\u00e1n y Oaxaca\ncomo estado anfitri\u00f3n. <\/p>\n\n\n\n<p>De acuerdo con los organizadores, se\ntrata un esfuerzo para promover la conservaci\u00f3n de las especies agr\u00edcolas de\nOaxaca, donde se intercambian experiencias sobre el manejo de parcelas por\nparte de habitantes de comunidades ind\u00edgenas que son, en su mayor\u00eda, quienes\npreservan la biodiversidad.<\/p>\n\n\n\n<p>Dentro de sus principales objetivos se\nencuentra sensibilizar sobre la importancia de la conservaci\u00f3n de la riqueza\ngen\u00e9tica del estado, promover el intercambio y mejoramiento de las semillas\nnativas entre los productores, conservar usos y calidad culinaria para la\nelaboraci\u00f3n de productos tradicionales. <\/p>\n\n\n\n<p>Y es que Oaxaca concentra el 70 por\nciento de las variedades de ma\u00edz de todo el pa\u00eds, muchas de las cuales ser\u00e1n\nexpuestas en la feria, as\u00ed como las semillas del frijol, calabaza, amaranto,\nchile, entre otras especies, de ah\u00ed que la entidad sea sede del evento. <\/p>\n\n\n\n<p>Previo a la feria, este viernes se llev\u00f3\na cabo un encuentro de experiencias y saberes campesinos en Oaxaca al interior\ndel Instituto Nacional de Investigaciones Forestales, Agr\u00edcolas y Pecuarias\n(INIFAP) de Valles Centrales, ubicado en Santo Domingo Barrio Bajo Etla.<\/p>\n\n\n\n<p>As\u00ed mismo, talleres simult\u00e1neos de:\nconservaci\u00f3n comunitaria de semillas de la milpa; aprovechamientos del nopal;\ninsumos org\u00e1nicos y minerales para la agricultura tradicional; manejo\npostcosecha de granos y semillas; productos sustentables en las \u00c1reas Naturales\nProtegidas; entre otros. <\/p>\n\n\n\n<p>Tambi\u00e9n destaca el recorrido por el\nBanco de Germoplasma de especies nativas de Oaxaca, la proyecci\u00f3n del\ncortometraje \u201cHijos del Ma\u00edz\u201d y un conversatorio de experiencias campesinas\npara la conservaci\u00f3n de la agrobiodiversidad en Oaxaca.<\/p>\n\n\n\n<p>Mientras que ma\u00f1ana s\u00e1bado se espera el\narribo de decenas de personas al ejido Uni\u00f3n Zapata, para realizar la demostraci\u00f3n\ne intercambio de semillas nativas, promoviendo en todo momento la seguridad\nalimentaria.<\/p>\n","protected":false},"excerpt":{"rendered":"<p>Evlin Arag\u00f3n\/Zona Roja. Oaxaca de Ju\u00e1rez, Oax., 29 de noviembre de 2019.- Este s\u00e1bado 30&hellip;<\/p>\n","protected":false},"author":2,"featured_media":4346,"comment_status":"closed","ping_status":"open","sticky":false,"template":"","format":"standard","meta":{"_lmt_disableupdate":"","_lmt_disable":"","_jetpack_memberships_contains_paid_content":false,"footnotes":""},"categories":[109,46],"tags":[1075],"class_list":["post-6198","post","type-post","status-publish","format-standard","has-post-thumbnail","hentry","category-minuto-a-minuto","category-zona-blanca","tag-feria-de-la-agrodiversidad"],"jetpack_featured_media_url":"https:\/\/zonaroja.com.mx\/wp-content\/uploads\/2019\/09\/PHOTO-2019-09-27-17-51-41.jpg","jetpack_sharing_enabled":true,"_links":{"self":[{"href":"https:\/\/zonaroja.com.mx\/index.php?rest_route=\/wp\/v2\/posts\/6198","targetHints":{"allow":["GET"]}}],"collection":[{"href":"https:\/\/zonaroja.com.mx\/index.php?rest_route=\/wp\/v2\/posts"}],"about":[{"href":"https:\/\/zonaroja.com.mx\/index.php?rest_route=\/wp\/v2\/types\/post"}],"author":[{"embeddable":true,"href":"https:\/\/zonaroja.com.mx\/index.php?rest_route=\/wp\/v2\/users\/2"}],"replies":[{"embeddable":true,"href":"https:\/\/zonaroja.com.mx\/index.php?rest_route=%2Fwp%2Fv2%2Fcomments&post=6198"}],"version-history":[{"count":1,"href":"https:\/\/zonaroja.com.mx\/index.php?rest_route=\/wp\/v2\/posts\/6198\/revisions"}],"predecessor-version":[{"id":6199,"href":"https:\/\/zonaroja.com.mx\/index.php?rest_route=\/wp\/v2\/posts\/6198\/revisions\/6199"}],"wp:featuredmedia":[{"embeddable":true,"href":"https:\/\/zonaroja.com.mx\/index.php?rest_route=\/wp\/v2\/media\/4346"}],"wp:attachment":[{"href":"https:\/\/zonaroja.com.mx\/index.php?rest_route=%2Fwp%2Fv2%2Fmedia&parent=6198"}],"wp:term":[{"taxonomy":"category","embeddable":true,"href":"https:\/\/zonaroja.com.mx\/index.php?rest_route=%2Fwp%2Fv2%2Fcategories&post=6198"},{"taxonomy":"post_tag","embeddable":true,"href":"https:\/\/zonaroja.com.mx\/index.php?rest_route=%2Fwp%2Fv2%2Ftags&post=6198"}],"curies":[{"name":"wp","href":"https:\/\/api.w.org\/{rel}","templated":true}]}}