{"id":61983,"date":"2023-11-12T10:00:00","date_gmt":"2023-11-12T16:00:00","guid":{"rendered":"http:\/\/www.zonaroja.com.mx\/?p=61983"},"modified":"2023-11-12T10:36:37","modified_gmt":"2023-11-12T16:36:37","slug":"gana-litigio-estrategico-amparo-contra-el-fondo-de-cultura-economica","status":"publish","type":"post","link":"https:\/\/zonaroja.com.mx\/?p=61983","title":{"rendered":"Gana Litigio Estrat\u00e9gico amparo contra el Fondo de Cultura Econ\u00f3mica"},"content":{"rendered":"\n<p>Ismael Garc\u00eda M.\/Zona Roja.<\/p>\n\n\n\n<p>Oaxaca de Ju\u00e1rez, Oax., a 12 de noviembre de 2023.- La asociaci\u00f3n civil Litigo Estrat\u00e9gico Ind\u00edgena interpuso y gan\u00f3 un amparo de la justicia federal contra el Fondo de Cultura Econ\u00f3mica (FCE), para la distribuci\u00f3n gratuita de libros.<\/p>\n\n\n\n<p>Fue el a\u00f1o 2021 en que el presidente Andr\u00e9s Manuel L\u00f3pez Obrador&nbsp;present\u00f3<\/p>\n\n\n\n<p>&nbsp;la colecci\u00f3n&nbsp;\u201c21 para el 21\u201d&nbsp;del&nbsp;Fondo de Cultura Econ\u00f3mica&nbsp;(FCE), relacionada con los 700 a\u00f1os de la fundaci\u00f3n de M\u00e9xico, los 500 a\u00f1os de la invasi\u00f3n extranjera y los 200 a\u00f1os de la Independencia. El tiraje fue de 100 mil ejemplares de cada uno.<\/p>\n\n\n\n<p>El organismo inform\u00f3 que el FCE inform\u00f3 que los ejemplares para lectura se distribuir\u00edan de manera gratuita. Bastaba para recibirlos una petici\u00f3n a un n\u00famero de WhatsApp y demostrar que se contara con una biblioteca o un club de lectura.<\/p>\n\n\n\n<p>En ese contexto, Litigio Estrat\u00e9gico tiene entre sus fines la promoci\u00f3n y divulgaci\u00f3n de la cultura y la lucha por el acceso a la educaci\u00f3n de las personas ind\u00edgenas; desde el a\u00f1o 2016, cuenta con un club de lectura y una biblioteca de cinco mil ejemplares.<\/p>\n\n\n\n<p>Es por ello que la asociaci\u00f3n civil que preside fulano, solicit\u00f3 por escrito la colecci\u00f3n editada por el Fondo de Cultura Econ\u00f3mica y no obtuvo respuesta.&nbsp;<\/p>\n\n\n\n<p>Por ello, ante un juez de Distrito en materia administrativa de la Ciudad de M\u00e9xico, promovi\u00f3 un juicio de amparo por la violaci\u00f3n al derecho humano a la cultura.<\/p>\n\n\n\n<p>Despu\u00e9s de un a\u00f1o, gan\u00f3 el juicio de amparo y por lo cual los libros circulan de mano en mano entre los integrantes de Litigio Estrat\u00e9gico y los visitantes.<\/p>\n","protected":false},"excerpt":{"rendered":"<p>Ismael Garc\u00eda M.\/Zona Roja. Oaxaca de Ju\u00e1rez, Oax., a 12 de noviembre de 2023.- La&hellip;<\/p>\n","protected":false},"author":2,"featured_media":61984,"comment_status":"closed","ping_status":"open","sticky":false,"template":"","format":"standard","meta":{"_lmt_disableupdate":"","_lmt_disable":"","_jetpack_memberships_contains_paid_content":false,"footnotes":""},"categories":[109,46],"tags":[897],"class_list":["post-61983","post","type-post","status-publish","format-standard","has-post-thumbnail","hentry","category-minuto-a-minuto","category-zona-blanca","tag-litigio-estrategico-indigena"],"jetpack_featured_media_url":"https:\/\/zonaroja.com.mx\/wp-content\/uploads\/2023\/11\/Coleccion-21-para-el-21-FCE.jpeg","jetpack_sharing_enabled":true,"_links":{"self":[{"href":"https:\/\/zonaroja.com.mx\/index.php?rest_route=\/wp\/v2\/posts\/61983","targetHints":{"allow":["GET"]}}],"collection":[{"href":"https:\/\/zonaroja.com.mx\/index.php?rest_route=\/wp\/v2\/posts"}],"about":[{"href":"https:\/\/zonaroja.com.mx\/index.php?rest_route=\/wp\/v2\/types\/post"}],"author":[{"embeddable":true,"href":"https:\/\/zonaroja.com.mx\/index.php?rest_route=\/wp\/v2\/users\/2"}],"replies":[{"embeddable":true,"href":"https:\/\/zonaroja.com.mx\/index.php?rest_route=%2Fwp%2Fv2%2Fcomments&post=61983"}],"version-history":[{"count":1,"href":"https:\/\/zonaroja.com.mx\/index.php?rest_route=\/wp\/v2\/posts\/61983\/revisions"}],"predecessor-version":[{"id":61985,"href":"https:\/\/zonaroja.com.mx\/index.php?rest_route=\/wp\/v2\/posts\/61983\/revisions\/61985"}],"wp:featuredmedia":[{"embeddable":true,"href":"https:\/\/zonaroja.com.mx\/index.php?rest_route=\/wp\/v2\/media\/61984"}],"wp:attachment":[{"href":"https:\/\/zonaroja.com.mx\/index.php?rest_route=%2Fwp%2Fv2%2Fmedia&parent=61983"}],"wp:term":[{"taxonomy":"category","embeddable":true,"href":"https:\/\/zonaroja.com.mx\/index.php?rest_route=%2Fwp%2Fv2%2Fcategories&post=61983"},{"taxonomy":"post_tag","embeddable":true,"href":"https:\/\/zonaroja.com.mx\/index.php?rest_route=%2Fwp%2Fv2%2Ftags&post=61983"}],"curies":[{"name":"wp","href":"https:\/\/api.w.org\/{rel}","templated":true}]}}