{"id":61986,"date":"2023-11-12T12:00:00","date_gmt":"2023-11-12T18:00:00","guid":{"rendered":"http:\/\/www.zonaroja.com.mx\/?p=61986"},"modified":"2023-11-12T07:45:30","modified_gmt":"2023-11-12T13:45:30","slug":"desde-el-poder-legislativo-se-tiene-que-consolidar-la-cuarta-transformacion-amt","status":"publish","type":"post","link":"https:\/\/zonaroja.com.mx\/?p=61986","title":{"rendered":"Desde el Poder Legislativo se tiene que consolidar la Cuarta Transformaci\u00f3n: AMT"},"content":{"rendered":"\n<p>Raymundo Morales\/Zona Roja.<\/p>\n\n\n\n<p>Oaxaca de Ju\u00e1rez, Oax., a 12 de noviembre 2023.- Desde la regi\u00f3n del Istmo, el militante destacado del Movimiento de Regeneraci\u00f3n Nacional (Morena) enfatiz\u00f3 que desde el Poder Legislativo se tendr\u00e1 que consolidar la Cuarta Transformaci\u00f3n.<\/p>\n\n\n\n<p>Invitado al segundo informe que rindi\u00f3 la diputada por el Distrito XVIII, Dennis Garc\u00eda Guti\u00e9rrez, convoc\u00f3 a reflexionar acerca de lo importante que resulta la funci\u00f3n legislativa en el contexto de los cambios que vive el pa\u00eds en la actualidad.<\/p>\n\n\n\n<p>*Hoy estamos aqu\u00ed para reconocer su gran esfuerzo, contentos por los tiempos que se viven en el pa\u00eds y en el estado, seguros como estamos de que la Cuarta Transformaci\u00f3n debe seguir adelante y de que desde el legislativo, como lo prueba el ejemplo de la compa\u00f1era Dennis, se puede hacer bastante por consolidar los logros que la buena pol\u00edtica del gobierno federal y estatal han conseguido\u00bb, dijo Nino Morales.<\/p>\n\n\n\n<p>Morrales Toledo destac\u00f3 que la Constituci\u00f3n es una demostraci\u00f3n de que mediante una legislaci\u00f3n verdaderamente leal al pueblo, se puede conseguir la transformaci\u00f3n para poder heredar al pueblo mejores y mayores condiciones de bienestar.<\/p>\n\n\n\n<p>Reconoci\u00f3 la labor del Presidente de la Rep\u00fablica, Andr\u00e9s Manuel L\u00f3pez Obrador, y del gobernador de Oaxaca, Salom\u00f3n Jara Cruz, para consolidar la transformaci\u00f3n que requiere el pa\u00eds y el estado.<\/p>\n","protected":false},"excerpt":{"rendered":"<p>Raymundo Morales\/Zona Roja. Oaxaca de Ju\u00e1rez, Oax., a 12 de noviembre 2023.- Desde la regi\u00f3n&hellip;<\/p>\n","protected":false},"author":2,"featured_media":61970,"comment_status":"closed","ping_status":"open","sticky":false,"template":"","format":"standard","meta":{"_lmt_disableupdate":"","_lmt_disable":"","_jetpack_memberships_contains_paid_content":false,"footnotes":""},"categories":[109,46],"tags":[180],"class_list":["post-61986","post","type-post","status-publish","format-standard","has-post-thumbnail","hentry","category-minuto-a-minuto","category-zona-blanca","tag-antonino-morales-toledo"],"jetpack_featured_media_url":"https:\/\/zonaroja.com.mx\/wp-content\/uploads\/2023\/11\/Antonino-Morales-informe-Denis-Gutierrez-Tehuantepec.jpg","jetpack_sharing_enabled":true,"_links":{"self":[{"href":"https:\/\/zonaroja.com.mx\/index.php?rest_route=\/wp\/v2\/posts\/61986","targetHints":{"allow":["GET"]}}],"collection":[{"href":"https:\/\/zonaroja.com.mx\/index.php?rest_route=\/wp\/v2\/posts"}],"about":[{"href":"https:\/\/zonaroja.com.mx\/index.php?rest_route=\/wp\/v2\/types\/post"}],"author":[{"embeddable":true,"href":"https:\/\/zonaroja.com.mx\/index.php?rest_route=\/wp\/v2\/users\/2"}],"replies":[{"embeddable":true,"href":"https:\/\/zonaroja.com.mx\/index.php?rest_route=%2Fwp%2Fv2%2Fcomments&post=61986"}],"version-history":[{"count":1,"href":"https:\/\/zonaroja.com.mx\/index.php?rest_route=\/wp\/v2\/posts\/61986\/revisions"}],"predecessor-version":[{"id":61987,"href":"https:\/\/zonaroja.com.mx\/index.php?rest_route=\/wp\/v2\/posts\/61986\/revisions\/61987"}],"wp:featuredmedia":[{"embeddable":true,"href":"https:\/\/zonaroja.com.mx\/index.php?rest_route=\/wp\/v2\/media\/61970"}],"wp:attachment":[{"href":"https:\/\/zonaroja.com.mx\/index.php?rest_route=%2Fwp%2Fv2%2Fmedia&parent=61986"}],"wp:term":[{"taxonomy":"category","embeddable":true,"href":"https:\/\/zonaroja.com.mx\/index.php?rest_route=%2Fwp%2Fv2%2Fcategories&post=61986"},{"taxonomy":"post_tag","embeddable":true,"href":"https:\/\/zonaroja.com.mx\/index.php?rest_route=%2Fwp%2Fv2%2Ftags&post=61986"}],"curies":[{"name":"wp","href":"https:\/\/api.w.org\/{rel}","templated":true}]}}