{"id":61988,"date":"2023-11-12T12:45:00","date_gmt":"2023-11-12T18:45:00","guid":{"rendered":"http:\/\/www.zonaroja.com.mx\/?p=61988"},"modified":"2023-11-12T07:47:17","modified_gmt":"2023-11-12T13:47:17","slug":"emite-cndh-exhorto-por-contaminacion-de-rio-en-oaxaca","status":"publish","type":"post","link":"https:\/\/zonaroja.com.mx\/?p=61988","title":{"rendered":"Emite CNDH exhorto por contaminaci\u00f3n de r\u00edo en Oaxaca"},"content":{"rendered":"\n<p>Redacci\u00f3n\/Zona Roja Cdmx.<\/p>\n\n\n\n<p>Ciudad de M\u00e9xico, a 12 de noviembre de 2023.- La Comisi\u00f3n Nacional de los Derechos Humanos (CNDH) emiti\u00f3 una recomendaci\u00f3n a la Comisi\u00f3n Nacional del Agua (Conagua) y al ayuntamiento de Pinotepa Nacional, Oaxaca, al acreditar que la contaminaci\u00f3n por descarga de aguas residuales y arrastre de desechos s\u00f3lidos en el r\u00edo \u201cLa Arena\u201d, vulneraron los derechos humanos a un medio ambiente sano y al saneamiento del agua de los habitantes de comunidades pertenecientes a ese municipio.&nbsp;<\/p>\n\n\n\n<p>La recomendaci\u00f3n 168\/2023 surgi\u00f3 a partir de una queja presentada en noviembre de 2022, tras lo cual la CNDH comprob\u00f3 que las autoridades se\u00f1aladas no han asegurado la disponibilidad y accesibilidad de los servicios b\u00e1sicos de alcantarillado, saneamiento y gesti\u00f3n de los residuos, lo que denota falta de medidas de vigilancia y sanci\u00f3n.&nbsp;<\/p>\n\n\n\n<p>Indic\u00f3 que se acreditaron las descargas residuales \u2013en contravenci\u00f3n a las normas aplicables\u2013, las deficiencias en la gesti\u00f3n de los residuos, as\u00ed como la degradaci\u00f3n que producen en el ambiente generan afectaciones en el entorno y repercusiones en la salud de la poblaci\u00f3n.&nbsp;<\/p>\n\n\n\n<p>La CNDH se\u00f1al\u00f3 que aunque la Conagua manifest\u00f3 haber realizado una visita de inspecci\u00f3n por descargas residuales, dicha acci\u00f3n result\u00f3 insuficiente.&nbsp;<\/p>\n\n\n\n<p>El organismo solicit\u00f3 entre otras medidas a la Conagua instruir al Organismo de Cuenca del Pac\u00edfico Sur celebrar un convenio de coordinaci\u00f3n para la protecci\u00f3n ambiental, restauraci\u00f3n y reparaci\u00f3n de los da\u00f1os ocasionados por la contaminaci\u00f3n del afluente.<\/p>\n","protected":false},"excerpt":{"rendered":"<p>Redacci\u00f3n\/Zona Roja Cdmx. Ciudad de M\u00e9xico, a 12 de noviembre de 2023.- La Comisi\u00f3n Nacional&hellip;<\/p>\n","protected":false},"author":2,"featured_media":60226,"comment_status":"closed","ping_status":"open","sticky":false,"template":"","format":"standard","meta":{"_lmt_disableupdate":"","_lmt_disable":"","_jetpack_memberships_contains_paid_content":false,"footnotes":""},"categories":[109,46],"tags":[974],"class_list":["post-61988","post","type-post","status-publish","format-standard","has-post-thumbnail","hentry","category-minuto-a-minuto","category-zona-blanca","tag-cndh-comision-nacional-de-derechos-humanos"],"jetpack_featured_media_url":"https:\/\/zonaroja.com.mx\/wp-content\/uploads\/2023\/09\/Rio-La-Arena-Pinotepa-Nacional.webp","jetpack_sharing_enabled":true,"_links":{"self":[{"href":"https:\/\/zonaroja.com.mx\/index.php?rest_route=\/wp\/v2\/posts\/61988","targetHints":{"allow":["GET"]}}],"collection":[{"href":"https:\/\/zonaroja.com.mx\/index.php?rest_route=\/wp\/v2\/posts"}],"about":[{"href":"https:\/\/zonaroja.com.mx\/index.php?rest_route=\/wp\/v2\/types\/post"}],"author":[{"embeddable":true,"href":"https:\/\/zonaroja.com.mx\/index.php?rest_route=\/wp\/v2\/users\/2"}],"replies":[{"embeddable":true,"href":"https:\/\/zonaroja.com.mx\/index.php?rest_route=%2Fwp%2Fv2%2Fcomments&post=61988"}],"version-history":[{"count":1,"href":"https:\/\/zonaroja.com.mx\/index.php?rest_route=\/wp\/v2\/posts\/61988\/revisions"}],"predecessor-version":[{"id":61989,"href":"https:\/\/zonaroja.com.mx\/index.php?rest_route=\/wp\/v2\/posts\/61988\/revisions\/61989"}],"wp:featuredmedia":[{"embeddable":true,"href":"https:\/\/zonaroja.com.mx\/index.php?rest_route=\/wp\/v2\/media\/60226"}],"wp:attachment":[{"href":"https:\/\/zonaroja.com.mx\/index.php?rest_route=%2Fwp%2Fv2%2Fmedia&parent=61988"}],"wp:term":[{"taxonomy":"category","embeddable":true,"href":"https:\/\/zonaroja.com.mx\/index.php?rest_route=%2Fwp%2Fv2%2Fcategories&post=61988"},{"taxonomy":"post_tag","embeddable":true,"href":"https:\/\/zonaroja.com.mx\/index.php?rest_route=%2Fwp%2Fv2%2Ftags&post=61988"}],"curies":[{"name":"wp","href":"https:\/\/api.w.org\/{rel}","templated":true}]}}