{"id":61996,"date":"2023-11-12T18:30:08","date_gmt":"2023-11-13T00:30:08","guid":{"rendered":"http:\/\/www.zonaroja.com.mx\/?p=61996"},"modified":"2023-11-12T18:30:10","modified_gmt":"2023-11-13T00:30:10","slug":"otra-vez-salina-cruz-atacan-a-punaladas-a-una-mujer","status":"publish","type":"post","link":"https:\/\/zonaroja.com.mx\/?p=61996","title":{"rendered":"Otra vez Salina Cruz: atacan a pu\u00f1aladas a una mujer"},"content":{"rendered":"\n<p>Redacci\u00f3n\/Zona Roja.<\/p>\n\n\n\n<p>Oaxaca de Ju\u00e1rez, Oax., a 12 de noviembre de 2023.- La violencia sigue imparable en Salina Cruz, municipio gobernado por el morenista Daniel M\u00e9ndez Sosa.<\/p>\n\n\n\n<p>Una mujer fue agredida con arma blanca anoche en el centro de dicha ciudad y puerto, sin que los polic\u00edas lograran detener al o los probables delincuentes.<\/p>\n\n\n\n<p>La v\u00edctima fue localizada en la calle Mazatl\u00e1n, donde fue atendida por param\u00e9dicos de la Comisi\u00f3n Nacional de Emergencias (CNE), quienes constataron que ten\u00eda una herida profunda en el abdomen, por lo cual fue trasladada a un hospital.<\/p>\n\n\n\n<p>Hasta el momento se desconoce la identidad de la v\u00edctima y \u00fanicamente se sabe que tiene 28 a\u00f1os de edad; hasta esta ma\u00f1ana permanec\u00eda inconsciente por lo cual personal del nosocomio busca a sus familiares.<\/p>\n\n\n\n<p>Los polic\u00edas supuestamente hicieron operativos de b\u00fasqueda para dar con el o los agresores pero hasta el momento no tienen ninguna pista de ello.<\/p>\n\n\n\n<p>Cabe mencionar que apenas el pasado mi\u00e9rcoles 8 de noviembre, dos personas del sexo masculino fueron ejecutadas en el interior de su veh\u00edculo.<\/p>\n\n\n\n<p>Tuvo que actuar la Fiscal\u00eda General del Estado, la Polic\u00eda Estatal, la Guardia Nacional y la Secretar\u00eda de Marina para efectuar un megaoperativo, donde detuvieron a varias personas, con armas y drogas, entre ellos los probables responsables del doble crimen.<\/p>\n","protected":false},"excerpt":{"rendered":"<p>Redacci\u00f3n\/Zona Roja. Oaxaca de Ju\u00e1rez, Oax., a 12 de noviembre de 2023.- La violencia sigue&hellip;<\/p>\n","protected":false},"author":2,"featured_media":61997,"comment_status":"closed","ping_status":"open","sticky":false,"template":"","format":"standard","meta":{"_lmt_disableupdate":"","_lmt_disable":"","_jetpack_memberships_contains_paid_content":false,"footnotes":""},"categories":[109,47],"tags":[168],"class_list":["post-61996","post","type-post","status-publish","format-standard","has-post-thumbnail","hentry","category-minuto-a-minuto","category-zona-gris","tag-salina-cruz"],"jetpack_featured_media_url":"https:\/\/zonaroja.com.mx\/wp-content\/uploads\/2023\/11\/Agresion-Salina-Cruz-hospital.jpg","jetpack_sharing_enabled":true,"_links":{"self":[{"href":"https:\/\/zonaroja.com.mx\/index.php?rest_route=\/wp\/v2\/posts\/61996","targetHints":{"allow":["GET"]}}],"collection":[{"href":"https:\/\/zonaroja.com.mx\/index.php?rest_route=\/wp\/v2\/posts"}],"about":[{"href":"https:\/\/zonaroja.com.mx\/index.php?rest_route=\/wp\/v2\/types\/post"}],"author":[{"embeddable":true,"href":"https:\/\/zonaroja.com.mx\/index.php?rest_route=\/wp\/v2\/users\/2"}],"replies":[{"embeddable":true,"href":"https:\/\/zonaroja.com.mx\/index.php?rest_route=%2Fwp%2Fv2%2Fcomments&post=61996"}],"version-history":[{"count":1,"href":"https:\/\/zonaroja.com.mx\/index.php?rest_route=\/wp\/v2\/posts\/61996\/revisions"}],"predecessor-version":[{"id":61998,"href":"https:\/\/zonaroja.com.mx\/index.php?rest_route=\/wp\/v2\/posts\/61996\/revisions\/61998"}],"wp:featuredmedia":[{"embeddable":true,"href":"https:\/\/zonaroja.com.mx\/index.php?rest_route=\/wp\/v2\/media\/61997"}],"wp:attachment":[{"href":"https:\/\/zonaroja.com.mx\/index.php?rest_route=%2Fwp%2Fv2%2Fmedia&parent=61996"}],"wp:term":[{"taxonomy":"category","embeddable":true,"href":"https:\/\/zonaroja.com.mx\/index.php?rest_route=%2Fwp%2Fv2%2Fcategories&post=61996"},{"taxonomy":"post_tag","embeddable":true,"href":"https:\/\/zonaroja.com.mx\/index.php?rest_route=%2Fwp%2Fv2%2Ftags&post=61996"}],"curies":[{"name":"wp","href":"https:\/\/api.w.org\/{rel}","templated":true}]}}