{"id":61999,"date":"2023-11-12T20:59:00","date_gmt":"2023-11-13T02:59:00","guid":{"rendered":"http:\/\/www.zonaroja.com.mx\/?p=61999"},"modified":"2023-11-12T20:59:01","modified_gmt":"2023-11-13T02:59:01","slug":"opinion-rehenes-del-crimen-desorganizado","status":"publish","type":"post","link":"https:\/\/zonaroja.com.mx\/?p=61999","title":{"rendered":"Opini\u00f3n. Rehenes del crimen desorganizado"},"content":{"rendered":"\n<p>Diego Enrique Osorno*<\/p>\n\n\n\n<p>En unos d\u00edas, el ind\u00edgena tzeltal&nbsp;Manuel G\u00f3mez V\u00e1zquez&nbsp;tendr\u00e1 una audiencia dentro del proceso judicial que le fabricaron por ser miembro de las bases de apoyo zapatistas. Su caso, comentado aqu\u00ed en \u201cTorcer la justicia, provocar la violencia\u201d (Milenio 24\/05\/23), muestra el gobierno criminal y desorganizado que hoy manda en Chiapas.<\/p>\n\n\n\n<p>El EZLN da cuenta en comunicaci\u00f3n p\u00fablica reciente del caos chiapaneco que adem\u00e1s de rehenes pol\u00edticos produce bloqueos, asaltos, secuestros, cobro de piso, reclutamiento forzado y balaceras. San Crist\u00f3bal de las Casas, Comit\u00e1n, Las Margaritas y Palenque son algunas de las cabeceras municipales tomadas por los c\u00e1rteles del crimen desorganizado.<\/p>\n\n\n\n<p>\u201cEn las comunidades rurales \u2014ahonda un texto del subcomandante Mois\u00e9s\u2014 el problema es m\u00e1s grave a\u00fan\u2026 particularmente en toda la franja fronteriza con Guatemala. Lo que se lee, escucha y se ve en la mayor\u00eda de los medios locales y nacionales es solo un eco malo y sinverg\u00fcenza de las redes sociales del gobierno del estado. La verdad es que las autoridades oficiales son el problema. S\u00ed, como en el resto del pa\u00eds\u201d.<\/p>\n\n\n\n<p>M\u00e1s all\u00e1 del desgobierno que padece Chiapas, los zapatistas iniciaron hace 10 a\u00f1os un proceso interno de revisi\u00f3n autocr\u00edtica de lo que han hecho y no han hecho. A partir de ello, tras consultarlo entre todos sus pueblos, discutieron y acordaron una serie de ajustes y cambios que han empezado a dar a conocer de manera paulatina, entre ellos la desaparici\u00f3n de sus Juntas de Buen Gobierno y Municipios Aut\u00f3nomos.<\/p>\n\n\n\n<p>El objetivo de dicha reorganizaci\u00f3n, explican, es buscar un proyecto que garantice, como m\u00ednimo, la vida de la s\u00e9ptima generaci\u00f3n zapatista. \u201cTenemos que luchar para que esa ni\u00f1a, que va a nacer en 120 a\u00f1os, sea libre y sea lo que le d\u00e9 la gana ser. No estamos luchando para que esa ni\u00f1a sea zapatista o partidista o lo que sea, sino que ella pueda elegir, cuando tenga juicio, cu\u00e1l es su camino. Y no solo que pueda decidir libremente, tambi\u00e9n y, sobre todo, que se haga responsable de esa decisi\u00f3n. Es decir, que tome en cuenta que todas las decisiones, lo que hacemos y lo que dejamos de hacer, tiene&nbsp;consecuencias\u201d.<\/p>\n\n\n\n<p>Habr\u00e1 que seguir atentos a la comunicaci\u00f3n zapatista que viene si se quiere saber mejor las causas, procesos, medidas y alcances de esta decisi\u00f3n revelada en medio del desastre chiapaneco\u2026 y mundial.<\/p>\n\n\n\n<p>*Escritor y periodista.<\/p>\n\n\n\n<p>@DiegoEOsorno<\/p>\n","protected":false},"excerpt":{"rendered":"<p>Diego Enrique Osorno* En unos d\u00edas, el ind\u00edgena tzeltal&nbsp;Manuel G\u00f3mez V\u00e1zquez&nbsp;tendr\u00e1 una audiencia dentro del&hellip;<\/p>\n","protected":false},"author":2,"featured_media":48560,"comment_status":"closed","ping_status":"open","sticky":false,"template":"","format":"standard","meta":{"_lmt_disableupdate":"","_lmt_disable":"","_jetpack_memberships_contains_paid_content":false,"footnotes":""},"categories":[456,109],"tags":[3020],"class_list":["post-61999","post","type-post","status-publish","format-standard","has-post-thumbnail","hentry","category-columna","category-minuto-a-minuto","tag-diego-enrique-osorno"],"jetpack_featured_media_url":"https:\/\/zonaroja.com.mx\/wp-content\/uploads\/2022\/11\/Diego-Enrique-Osorno.jpeg","jetpack_sharing_enabled":true,"_links":{"self":[{"href":"https:\/\/zonaroja.com.mx\/index.php?rest_route=\/wp\/v2\/posts\/61999","targetHints":{"allow":["GET"]}}],"collection":[{"href":"https:\/\/zonaroja.com.mx\/index.php?rest_route=\/wp\/v2\/posts"}],"about":[{"href":"https:\/\/zonaroja.com.mx\/index.php?rest_route=\/wp\/v2\/types\/post"}],"author":[{"embeddable":true,"href":"https:\/\/zonaroja.com.mx\/index.php?rest_route=\/wp\/v2\/users\/2"}],"replies":[{"embeddable":true,"href":"https:\/\/zonaroja.com.mx\/index.php?rest_route=%2Fwp%2Fv2%2Fcomments&post=61999"}],"version-history":[{"count":1,"href":"https:\/\/zonaroja.com.mx\/index.php?rest_route=\/wp\/v2\/posts\/61999\/revisions"}],"predecessor-version":[{"id":62000,"href":"https:\/\/zonaroja.com.mx\/index.php?rest_route=\/wp\/v2\/posts\/61999\/revisions\/62000"}],"wp:featuredmedia":[{"embeddable":true,"href":"https:\/\/zonaroja.com.mx\/index.php?rest_route=\/wp\/v2\/media\/48560"}],"wp:attachment":[{"href":"https:\/\/zonaroja.com.mx\/index.php?rest_route=%2Fwp%2Fv2%2Fmedia&parent=61999"}],"wp:term":[{"taxonomy":"category","embeddable":true,"href":"https:\/\/zonaroja.com.mx\/index.php?rest_route=%2Fwp%2Fv2%2Fcategories&post=61999"},{"taxonomy":"post_tag","embeddable":true,"href":"https:\/\/zonaroja.com.mx\/index.php?rest_route=%2Fwp%2Fv2%2Ftags&post=61999"}],"curies":[{"name":"wp","href":"https:\/\/api.w.org\/{rel}","templated":true}]}}