{"id":62001,"date":"2023-11-12T21:19:36","date_gmt":"2023-11-13T03:19:36","guid":{"rendered":"http:\/\/www.zonaroja.com.mx\/?p=62001"},"modified":"2023-11-12T21:19:38","modified_gmt":"2023-11-13T03:19:38","slug":"por-presunta-falta-de-capacitacion-un-detenido-mata-a-policia-en-oaxaca","status":"publish","type":"post","link":"https:\/\/zonaroja.com.mx\/?p=62001","title":{"rendered":"Por presunta falta de capacitaci\u00f3n, un detenido mata a polic\u00eda en Oaxaca"},"content":{"rendered":"\n<p>Ismael Garc\u00eda M.\/Zona Roja.<\/p>\n\n\n\n<p>Oaxaca de Ju\u00e1rez, Oax., a 12 de noviembre de 2023.- Debido a que presuntamente no aplic\u00f3 los protocolos adecuados, por falta de capacitaci\u00f3n, un polic\u00eda municipal en Oaxaca fue asesinado por un presunto delincuente detenido.<\/p>\n\n\n\n<p>El crimen ocurri\u00f3 la madrugada de este domingo en Santa Mar\u00eda Colotepec, municipio de la regi\u00f3n Costa de Oaxaca, y cerca del destino tur\u00edstico de Puerto Escondido.<\/p>\n\n\n\n<p>Una patrulla local trasladada a una persona detenida sobre la carretera federal 200, a la altura de la colonia L\u00e1zaro C\u00e1rdenas, cuando se escucharon disparos de arma de fuego, por lo cual la unidad hizo el alto.<\/p>\n\n\n\n<p>Tras ello los elementos se percataron que un sujeto detenido dispar\u00f3 en contra del uniformado y huy\u00f3.<\/p>\n\n\n\n<p>Param\u00e9dicos arribaron al sitio pero corroboraron que el polic\u00eda, de nombre Ram\u00f3n S. H., ya hab\u00eda perdido la vida, ante lo cual personal de la Vicefiscal\u00eda Regional de la Costa inici\u00f3 las indagatorias.<\/p>\n\n\n\n<p>EN TLAXIACO<\/p>\n\n\n\n<p>Por otra parte, este domingo se confirm\u00f3 el hallazgo de un cuerpo sin vida, en el interior de un pozo ubicado en Ca\u00f1ada Mar\u00eda, primera Secci\u00f3n, de la Heroica Ciudad de Tlaxiaco.<\/p>\n\n\n\n<p>Se trata de Pablo David P. C., quien fue reportado como desaparecido el pasado 8 de noviembre en San Esteban Atatlahuaca, a bordo de una camioneta marca Toyota, tipo Tacoma, con placas de circulaci\u00f3n MV-7638J del estado de Michoac\u00e1n.<\/p>\n\n\n\n<p>Hasta el momento no se ha dado a conocer las causas del deceso pero presuntamente el joven de 29 a\u00f1os de edad ten\u00eda huellas de tortura y se hallaba maniatado.<\/p>\n\n\n\n<p>EN HUAJUAPAN<\/p>\n\n\n\n<p>Por otra parte, ayer por la ma\u00f1ana en Huajuapan de Le\u00f3n, municipio de la regi\u00f3n Mixteca del estado, un funcionario municipal fue atacado a balazos.<\/p>\n\n\n\n<p>Se trata del inspector de la Procuradur\u00eda del Medio Ambiente del ayuntamiento, H\u00e9ctor S. O., quien fue agredido cuando transitaba a bordo de su unidad de motor en la colonia La Merced.<\/p>\n\n\n\n<p>Presuntamente fueron dos sujetos a bordo de dos motocicletas quienes lo agredieron, tras lo cual fue trasladado a un hospital, donde convalece.<\/p>\n","protected":false},"excerpt":{"rendered":"<p>Ismael Garc\u00eda M.\/Zona Roja. Oaxaca de Ju\u00e1rez, Oax., a 12 de noviembre de 2023.- Debido&hellip;<\/p>\n","protected":false},"author":2,"featured_media":62002,"comment_status":"closed","ping_status":"open","sticky":false,"template":"","format":"standard","meta":{"_lmt_disableupdate":"","_lmt_disable":"","_jetpack_memberships_contains_paid_content":false,"footnotes":""},"categories":[109,51],"tags":[980],"class_list":["post-62001","post","type-post","status-publish","format-standard","has-post-thumbnail","hentry","category-minuto-a-minuto","category-zona-roja","tag-santa-maria-colotepec"],"jetpack_featured_media_url":"https:\/\/zonaroja.com.mx\/wp-content\/uploads\/2023\/11\/ASesinado-policia-Santa-Maria-Colotepec.jpg","jetpack_sharing_enabled":true,"_links":{"self":[{"href":"https:\/\/zonaroja.com.mx\/index.php?rest_route=\/wp\/v2\/posts\/62001","targetHints":{"allow":["GET"]}}],"collection":[{"href":"https:\/\/zonaroja.com.mx\/index.php?rest_route=\/wp\/v2\/posts"}],"about":[{"href":"https:\/\/zonaroja.com.mx\/index.php?rest_route=\/wp\/v2\/types\/post"}],"author":[{"embeddable":true,"href":"https:\/\/zonaroja.com.mx\/index.php?rest_route=\/wp\/v2\/users\/2"}],"replies":[{"embeddable":true,"href":"https:\/\/zonaroja.com.mx\/index.php?rest_route=%2Fwp%2Fv2%2Fcomments&post=62001"}],"version-history":[{"count":1,"href":"https:\/\/zonaroja.com.mx\/index.php?rest_route=\/wp\/v2\/posts\/62001\/revisions"}],"predecessor-version":[{"id":62003,"href":"https:\/\/zonaroja.com.mx\/index.php?rest_route=\/wp\/v2\/posts\/62001\/revisions\/62003"}],"wp:featuredmedia":[{"embeddable":true,"href":"https:\/\/zonaroja.com.mx\/index.php?rest_route=\/wp\/v2\/media\/62002"}],"wp:attachment":[{"href":"https:\/\/zonaroja.com.mx\/index.php?rest_route=%2Fwp%2Fv2%2Fmedia&parent=62001"}],"wp:term":[{"taxonomy":"category","embeddable":true,"href":"https:\/\/zonaroja.com.mx\/index.php?rest_route=%2Fwp%2Fv2%2Fcategories&post=62001"},{"taxonomy":"post_tag","embeddable":true,"href":"https:\/\/zonaroja.com.mx\/index.php?rest_route=%2Fwp%2Fv2%2Ftags&post=62001"}],"curies":[{"name":"wp","href":"https:\/\/api.w.org\/{rel}","templated":true}]}}