{"id":62006,"date":"2023-11-13T07:29:09","date_gmt":"2023-11-13T13:29:09","guid":{"rendered":"http:\/\/www.zonaroja.com.mx\/?p=62006"},"modified":"2023-11-13T07:29:12","modified_gmt":"2023-11-13T13:29:12","slug":"la-basura-se-acumula-en-calles-de-acapulco-devastado-por-otis","status":"publish","type":"post","link":"https:\/\/zonaroja.com.mx\/?p=62006","title":{"rendered":"La basura se acumula en calles de Acapulco devastado por \u201cOtis\u201d"},"content":{"rendered":"\n<p>Redacci\u00f3n\/Zona Roja Cdmx. Foto: El Sur de Acapulco<\/p>\n\n\n\n<p>Ciudad de M\u00e9xico, a 13 de noviembre de 2023.- Los habitantes de Acapulco, aturdidos por un hurac\u00e1n devastador, luchan ahora contra otra plaga que deja tras de s\u00ed la tormenta: la basura acumulada en las calles, que aviva la preocupaci\u00f3n por la propagaci\u00f3n de enfermedades en el emblem\u00e1tico centro tur\u00edstico mexicano.<\/p>\n\n\n\n<p>El hurac\u00e1n \u201cOtis\u201d, que azot\u00f3 Acapulco en las primeras horas del 25 de octubre, fue la tormenta m\u00e1s poderosa registrada en la costa del Pac\u00edfico mexicano, provocando la muerte de decenas de personas y destruyendo miles de viviendas en esta ciudad de casi 900,000 habitantes.<\/p>\n\n\n\n<p>Sus vientos de 266 kil\u00f3metros por hora provocaron grandes inundaciones, destruyeron muebles, enseres dom\u00e9sticos y electrodom\u00e9sticos que fueron arrojados fuera de las casas junto con bolsas de residuos org\u00e1nicos en descomposici\u00f3n que han propagado olores p\u00fatridos en la ciudad.<\/p>\n\n\n\n<p>El Gobierno ha enviado a miles de soldados para ayudar a limpiar Acapulco, pero los residentes afirman que la basura ha invadido algunas zonas tan r\u00e1pidamente que incluso el tr\u00e1fico se ha visto obstaculizado.<\/p>\n\n\n\n<p>\u00abQue pasen a retirar la basura porque es demasiada,\u00bb dijo Rosa Pacheco, de la colonia La Mira, al oeste de la ciudad, donde algunos vecinos han tenido que retirar los desperdicios de las carreteras para permitir el paso de los coches.<\/p>\n\n\n\n<p>\u00abNo hay paso casi porque la basura cada d\u00eda se va acumulando m\u00e1s\u00bb, a\u00f1adi\u00f3 la ama de casa de 46 a\u00f1os.<\/p>\n\n\n\n<p>Protecci\u00f3n Civil no respondi\u00f3 a una solicitud de comentarios, pero el Gobierno afirma que la limpieza de Acapulco es una prioridad absoluta.<\/p>\n\n\n\n<p>Al ser cuestionado sobre la basura esta semana, el presidente Andr\u00e9s Manuel L\u00f3pez Obrador dijo que las autoridades est\u00e1n fumigando la ciudad para prevenir enfermedades y que se encargar\u00edan del problema.<\/p>\n\n\n\n<p>\u00abSe va a limpiar todo\u00bb, dijo.<\/p>\n\n\n\n<p>Los alimentos, el agua y otros productos de primera necesidad escasearon tras el saqueo de tiendas y la interrupci\u00f3n del suministro el\u00e9ctrico y las comunicaciones a ra\u00edz de \u201cOtis\u201d, por lo que el Gobierno ha dedicado gran parte de su energ\u00eda a garantizar que la poblaci\u00f3n reciba suministros esenciales.<\/p>\n\n\n\n<p>Sin embargo, a expertos en la propagaci\u00f3n de enfermedades les preocupa que puedan empezar a aparecer enfermedades transmitidas por mosquitos, como el dengue, si la ciudad permite que los residuos da\u00f1en el drenaje y el suministro de agua. Los mosquitos se reproducen en agua estancada.<\/p>\n\n\n\n<p>\u00abDigamos que en jerarqu\u00eda, lo primero es la restituci\u00f3n del agua potable y el servicio el\u00e9ctrico y en segundo lugar el retiro de los escombros, el funcionamiento de los drenajes y la resoluci\u00f3n de las aguas estancadas\u00bb, afirm\u00f3 Alejandro Mac\u00edas, uno de los principales epidemi\u00f3logos mexicanos.<\/p>\n\n\n\n<p>De lo contrario, las condiciones podr\u00edan ser propicias para los mosquitos de la fiebre amarilla: \u00abCuando hay &#8216;aedes aegipty&#8217; en gran cantidad, los brotes de dengue son solamente cuesti\u00f3n de tiempo\u00bb, subray\u00f3.<\/p>\n\n\n\n<p>(Reporte de Troy M\u00e9rida para Reuters; escrito por Dave Graham; editado en espa\u00f1ol por Adriana Barrera; en \u201cExpansi\u00f3n Pol\u00edtica\u201d)<\/p>\n","protected":false},"excerpt":{"rendered":"<p>Redacci\u00f3n\/Zona Roja Cdmx. Foto: El Sur de Acapulco Ciudad de M\u00e9xico, a 13 de noviembre&hellip;<\/p>\n","protected":false},"author":2,"featured_media":62008,"comment_status":"closed","ping_status":"open","sticky":false,"template":"","format":"standard","meta":{"_lmt_disableupdate":"","_lmt_disable":"","_jetpack_memberships_contains_paid_content":false,"footnotes":""},"categories":[109,47],"tags":[3713],"class_list":["post-62006","post","type-post","status-publish","format-standard","has-post-thumbnail","hentry","category-minuto-a-minuto","category-zona-gris","tag-huracan-otis"],"jetpack_featured_media_url":"https:\/\/zonaroja.com.mx\/wp-content\/uploads\/2023\/11\/Basura-Otis-Acapulco-1.webp","jetpack_sharing_enabled":true,"_links":{"self":[{"href":"https:\/\/zonaroja.com.mx\/index.php?rest_route=\/wp\/v2\/posts\/62006","targetHints":{"allow":["GET"]}}],"collection":[{"href":"https:\/\/zonaroja.com.mx\/index.php?rest_route=\/wp\/v2\/posts"}],"about":[{"href":"https:\/\/zonaroja.com.mx\/index.php?rest_route=\/wp\/v2\/types\/post"}],"author":[{"embeddable":true,"href":"https:\/\/zonaroja.com.mx\/index.php?rest_route=\/wp\/v2\/users\/2"}],"replies":[{"embeddable":true,"href":"https:\/\/zonaroja.com.mx\/index.php?rest_route=%2Fwp%2Fv2%2Fcomments&post=62006"}],"version-history":[{"count":1,"href":"https:\/\/zonaroja.com.mx\/index.php?rest_route=\/wp\/v2\/posts\/62006\/revisions"}],"predecessor-version":[{"id":62009,"href":"https:\/\/zonaroja.com.mx\/index.php?rest_route=\/wp\/v2\/posts\/62006\/revisions\/62009"}],"wp:featuredmedia":[{"embeddable":true,"href":"https:\/\/zonaroja.com.mx\/index.php?rest_route=\/wp\/v2\/media\/62008"}],"wp:attachment":[{"href":"https:\/\/zonaroja.com.mx\/index.php?rest_route=%2Fwp%2Fv2%2Fmedia&parent=62006"}],"wp:term":[{"taxonomy":"category","embeddable":true,"href":"https:\/\/zonaroja.com.mx\/index.php?rest_route=%2Fwp%2Fv2%2Fcategories&post=62006"},{"taxonomy":"post_tag","embeddable":true,"href":"https:\/\/zonaroja.com.mx\/index.php?rest_route=%2Fwp%2Fv2%2Ftags&post=62006"}],"curies":[{"name":"wp","href":"https:\/\/api.w.org\/{rel}","templated":true}]}}