{"id":6201,"date":"2019-11-29T18:57:21","date_gmt":"2019-11-30T00:57:21","guid":{"rendered":"http:\/\/www.zonaroja.com.mx\/?p=6201"},"modified":"2019-11-29T18:57:24","modified_gmt":"2019-11-30T00:57:24","slug":"inician-foros-regionales-para-elaborar-ley-de-consulta-previa-de-oaxaca","status":"publish","type":"post","link":"https:\/\/zonaroja.com.mx\/?p=6201","title":{"rendered":"Inician foros regionales para elaborar Ley de Consulta Previa de Oaxaca"},"content":{"rendered":"\n<p>Redacci\u00f3n\/Zona Roja.<\/p>\n\n\n\n<p>Oaxaca de Ju\u00e1rez, Oax., 29 de noviembre\nde 2019.- El Congreso del Estado inici\u00f3 la etapa de foros consultivos en\ndiversas regiones de la entidad, en el marco de la construcci\u00f3n de la Ley de\nConsulta Previa, Libre e Informada para los Pueblos Ind\u00edgenas y Afromexicano de\nOaxaca.<\/p>\n\n\n\n<p>Ante los asistentes al Foro Regional de\nlos Valles Centrales, el presidente de la Junta de Coordinaci\u00f3n Pol\u00edtica\n(Jucopo) en la 64 Legislatura, Horacio Sosa Villavicencio, reconoci\u00f3 la\nimportancia que representa la participaci\u00f3n de la ciudadan\u00eda, porque&nbsp; formar\u00e1n parte de esta nueva ley.<\/p>\n\n\n\n<p>Afirm\u00f3 que \u201cninguna ley se realizar\u00e1 sin\nel respaldo de los pueblos; la ley se debe hacer donde est\u00e9n las voces, el\npensar de nuestros pueblos y comunidades que ustedes representan, porque\nconocen sus costumbres, tradiciones y cosmovisi\u00f3n que deben estar reflejados en\nesta ley\u201d.<\/p>\n\n\n\n<p>Presente tambi\u00e9n en el foro, la Vicepresidenta de la Mesa Directiva del Congreso, Hilda Graciela P\u00e9rez Luis explic\u00f3 que en esta segunda etapa, se concentrar\u00e1n todas las propuestas de las comunidades ind\u00edgenas y Afromexicano.<\/p>\n\n\n\n<figure class=\"wp-block-image\"><img decoding=\"async\" width=\"1024\" height=\"479\" src=\"http:\/\/www.zonaroja.com.mx\/wp-content\/uploads\/2019\/11\/DSC_4464-1024x479.jpg\" alt=\"\" class=\"wp-image-6203\" srcset=\"https:\/\/zonaroja.com.mx\/wp-content\/uploads\/2019\/11\/DSC_4464-1024x479.jpg 1024w, https:\/\/zonaroja.com.mx\/wp-content\/uploads\/2019\/11\/DSC_4464-300x140.jpg 300w, https:\/\/zonaroja.com.mx\/wp-content\/uploads\/2019\/11\/DSC_4464-768x359.jpg 768w, https:\/\/zonaroja.com.mx\/wp-content\/uploads\/2019\/11\/DSC_4464-1170x547.jpg 1170w, https:\/\/zonaroja.com.mx\/wp-content\/uploads\/2019\/11\/DSC_4464-585x273.jpg 585w, https:\/\/zonaroja.com.mx\/wp-content\/uploads\/2019\/11\/DSC_4464.jpg 1200w\" sizes=\"(max-width: 1024px) 100vw, 1024px\" \/><\/figure>\n\n\n\n<p>En tanto la presidenta de la Comisi\u00f3n\nPermanente de Derechos Humanos, Magaly L\u00f3pez Dom\u00ednguez, reconoci\u00f3 que existe\nuna deuda hist\u00f3rica con los pueblos y comunidades, por eso la importancia que\nahora participen en la construcci\u00f3n de este instrumento jur\u00eddico.<\/p>\n\n\n\n<p>Algunas de las propuestas realizadas por\nlos asistentes al foro fue la creaci\u00f3n de un Consejo Ciudadano Ind\u00edgena como\n\u00d3rgano Garante, y no s\u00f3lo sea la Defensor\u00eda de los Derechos Humanos de los\nPueblos de Oaxaca (DDHPO).<\/p>\n\n\n\n<p>Tambi\u00e9n se propuso incluir entre las\nactividades a consultar, los cambios de uso de suelo, que actualmente son una\nfacultad de los presidentes municipales que en muchas veces se presta a la\ncorrupci\u00f3n, facilitando la instalaci\u00f3n de megaproyectos.<\/p>\n\n\n\n<p>Entre otras cosas, sugirieron tambi\u00e9n\nque se contemple en la ley la posibilidad de la \u201cauto consulta\u201d, es decir que\nlos mismos pueblos puedan convocarse asimismo para poder tomar sus\ndeterminaciones de manera libre, y la autoridad responsable s\u00f3lo tendr\u00eda que\nrecibir la notificaci\u00f3n del acto.<\/p>\n\n\n\n<p>Los foros regionales Consultivos de este\nviernes 29 de noviembre, tambi\u00e9n se realizan en las regiones de la Mixteca, la\nSierra Sur y Sierra Norte.<\/p>\n","protected":false},"excerpt":{"rendered":"<p>Redacci\u00f3n\/Zona Roja. Oaxaca de Ju\u00e1rez, Oax., 29 de noviembre de 2019.- El Congreso del Estado&hellip;<\/p>\n","protected":false},"author":2,"featured_media":6202,"comment_status":"closed","ping_status":"open","sticky":false,"template":"","format":"standard","meta":{"_lmt_disableupdate":"","_lmt_disable":"","_jetpack_memberships_contains_paid_content":false,"footnotes":""},"categories":[109,46],"tags":[213,444],"class_list":["post-6201","post","type-post","status-publish","format-standard","has-post-thumbnail","hentry","category-minuto-a-minuto","category-zona-blanca","tag-64-legislatura-de-oaxaca","tag-horacio-sosa-villavicencio"],"jetpack_featured_media_url":"https:\/\/zonaroja.com.mx\/wp-content\/uploads\/2019\/11\/DSC_4410.jpg","jetpack_sharing_enabled":true,"_links":{"self":[{"href":"https:\/\/zonaroja.com.mx\/index.php?rest_route=\/wp\/v2\/posts\/6201","targetHints":{"allow":["GET"]}}],"collection":[{"href":"https:\/\/zonaroja.com.mx\/index.php?rest_route=\/wp\/v2\/posts"}],"about":[{"href":"https:\/\/zonaroja.com.mx\/index.php?rest_route=\/wp\/v2\/types\/post"}],"author":[{"embeddable":true,"href":"https:\/\/zonaroja.com.mx\/index.php?rest_route=\/wp\/v2\/users\/2"}],"replies":[{"embeddable":true,"href":"https:\/\/zonaroja.com.mx\/index.php?rest_route=%2Fwp%2Fv2%2Fcomments&post=6201"}],"version-history":[{"count":1,"href":"https:\/\/zonaroja.com.mx\/index.php?rest_route=\/wp\/v2\/posts\/6201\/revisions"}],"predecessor-version":[{"id":6204,"href":"https:\/\/zonaroja.com.mx\/index.php?rest_route=\/wp\/v2\/posts\/6201\/revisions\/6204"}],"wp:featuredmedia":[{"embeddable":true,"href":"https:\/\/zonaroja.com.mx\/index.php?rest_route=\/wp\/v2\/media\/6202"}],"wp:attachment":[{"href":"https:\/\/zonaroja.com.mx\/index.php?rest_route=%2Fwp%2Fv2%2Fmedia&parent=6201"}],"wp:term":[{"taxonomy":"category","embeddable":true,"href":"https:\/\/zonaroja.com.mx\/index.php?rest_route=%2Fwp%2Fv2%2Fcategories&post=6201"},{"taxonomy":"post_tag","embeddable":true,"href":"https:\/\/zonaroja.com.mx\/index.php?rest_route=%2Fwp%2Fv2%2Ftags&post=6201"}],"curies":[{"name":"wp","href":"https:\/\/api.w.org\/{rel}","templated":true}]}}