{"id":62012,"date":"2023-11-13T08:02:33","date_gmt":"2023-11-13T14:02:33","guid":{"rendered":"http:\/\/www.zonaroja.com.mx\/?p=62012"},"modified":"2023-11-13T08:02:35","modified_gmt":"2023-11-13T14:02:35","slug":"reanuda-la-seccion-22-del-snte-sus-protestas-y-bloqueos","status":"publish","type":"post","link":"https:\/\/zonaroja.com.mx\/?p=62012","title":{"rendered":"Reanuda la Secci\u00f3n 22 del SNTE sus protestas y bloqueos\u00a0"},"content":{"rendered":"\n<p>Ismael Garc\u00eda M.\/Zona Roja.<\/p>\n\n\n\n<p>Oaxaca de Ju\u00e1rez, Oax., a a 13 de noviembre de 2023.- En v\u00edsperas del primer informe de gobierno, la Secci\u00f3n 22 del Sindicato Nacional de Trabajadores de la Educaci\u00f3n (SNTE) inicia una jornada de movilizaciones, en la regi\u00f3n del Istmo y en la capital del pa\u00eds.<\/p>\n\n\n\n<p>Desde anoche, varios contingentes partieron de la ciudad de Oaxaca, a bordo de varios autobuses, con destino a la Ciudad de M\u00e9xico, para instalar un \u201cplant\u00f3n\u201d y bloqueo de calles en la sede de la Secretar\u00eda de Gobernaci\u00f3n, en la calle Abraham Gonz\u00e1lez de la colonia Ju\u00e1rez, alcald\u00eda Cuauht\u00e9moc.<\/p>\n\n\n\n<p>Ello para dar cobertura a la reuni\u00f3n que tendr\u00e1 la dirigencia magisterial, encabezada por Jenny Aracely P\u00e9rez, con la Segob y con funcionarios del Gobierno del Estado de Oaxaca, a fin de revisar demandas pendientes.<\/p>\n\n\n\n<p>Mientras que en la regi\u00f3n del Istmo, la representaci\u00f3n regional que encabeza Jos\u00e9 \u00c1ngel Santiago Pineda, realiza desde hoy un paro de labores de tres d\u00edas, como parte de los acuerdos que tuvieron en su asamblea representativa del pasado 27 de octubre.<\/p>\n\n\n\n<p>Seg\u00fan dieron a conocer en la convocatoria, las demandas son la entrega inmediata de vales para uniformes escolares de los ciclos 2022-2023 y 2023-204.<\/p>\n\n\n\n<p>Asimismo, la construcci\u00f3n inmediata del hospital regional de Tehuantepec y cumplimiento de acuerdos con funcionarios del ISSSTE.<\/p>\n\n\n\n<p>Adem\u00e1s, la destituci\u00f3n inmediata de funcionarios del Instituto Estatal de Educaci\u00f3n P\u00fablica de Oaxaca, sin detallar qui\u00e9nes.<\/p>\n\n\n\n<p>En la movilizaci\u00f3n de este lunes prev\u00e9n realizar bloqueos carretero en las v\u00edas Tehuantepec-Juchit\u00e1n; Niltepec-Zanatepec; Mat\u00edas Romero; Juchit\u00e1n-Ixtepec; Salina Cruz-Tehuantepec.<\/p>\n","protected":false},"excerpt":{"rendered":"<p>Ismael Garc\u00eda M.\/Zona Roja. Oaxaca de Ju\u00e1rez, Oax., a a 13 de noviembre de 2023.-&hellip;<\/p>\n","protected":false},"author":2,"featured_media":62013,"comment_status":"closed","ping_status":"open","sticky":false,"template":"","format":"standard","meta":{"_lmt_disableupdate":"","_lmt_disable":"","_jetpack_memberships_contains_paid_content":false,"footnotes":""},"categories":[109,47],"tags":[312],"class_list":["post-62012","post","type-post","status-publish","format-standard","has-post-thumbnail","hentry","category-minuto-a-minuto","category-zona-gris","tag-seccion-22-del-snte"],"jetpack_featured_media_url":"https:\/\/zonaroja.com.mx\/wp-content\/uploads\/2023\/11\/Seccion-22-del-SNTE-protestas.jpg","jetpack_sharing_enabled":true,"_links":{"self":[{"href":"https:\/\/zonaroja.com.mx\/index.php?rest_route=\/wp\/v2\/posts\/62012","targetHints":{"allow":["GET"]}}],"collection":[{"href":"https:\/\/zonaroja.com.mx\/index.php?rest_route=\/wp\/v2\/posts"}],"about":[{"href":"https:\/\/zonaroja.com.mx\/index.php?rest_route=\/wp\/v2\/types\/post"}],"author":[{"embeddable":true,"href":"https:\/\/zonaroja.com.mx\/index.php?rest_route=\/wp\/v2\/users\/2"}],"replies":[{"embeddable":true,"href":"https:\/\/zonaroja.com.mx\/index.php?rest_route=%2Fwp%2Fv2%2Fcomments&post=62012"}],"version-history":[{"count":1,"href":"https:\/\/zonaroja.com.mx\/index.php?rest_route=\/wp\/v2\/posts\/62012\/revisions"}],"predecessor-version":[{"id":62014,"href":"https:\/\/zonaroja.com.mx\/index.php?rest_route=\/wp\/v2\/posts\/62012\/revisions\/62014"}],"wp:featuredmedia":[{"embeddable":true,"href":"https:\/\/zonaroja.com.mx\/index.php?rest_route=\/wp\/v2\/media\/62013"}],"wp:attachment":[{"href":"https:\/\/zonaroja.com.mx\/index.php?rest_route=%2Fwp%2Fv2%2Fmedia&parent=62012"}],"wp:term":[{"taxonomy":"category","embeddable":true,"href":"https:\/\/zonaroja.com.mx\/index.php?rest_route=%2Fwp%2Fv2%2Fcategories&post=62012"},{"taxonomy":"post_tag","embeddable":true,"href":"https:\/\/zonaroja.com.mx\/index.php?rest_route=%2Fwp%2Fv2%2Ftags&post=62012"}],"curies":[{"name":"wp","href":"https:\/\/api.w.org\/{rel}","templated":true}]}}