{"id":62015,"date":"2023-11-13T11:30:00","date_gmt":"2023-11-13T17:30:00","guid":{"rendered":"http:\/\/www.zonaroja.com.mx\/?p=62015"},"modified":"2023-11-13T08:04:37","modified_gmt":"2023-11-13T14:04:37","slug":"la-onu-pide-proteger-a-los-periodistas-de-la-violencia-electoral","status":"publish","type":"post","link":"https:\/\/zonaroja.com.mx\/?p=62015","title":{"rendered":"La ONU pide proteger a los periodistas de la violencia electoral"},"content":{"rendered":"\n<p>Redacci\u00f3n\/Zona Roja Cdmx.<\/p>\n\n\n\n<p>Ciudad de M\u00e9xico, a 13 de noviembre de 2023.- Cada 2 de noviembre se conmemora el D\u00eda Internacional para Poner Fin a la Impunidad de los Cr\u00edmenes contra Periodistas, una jornada para destacar los riesgos a los que se enfrentan estos profesionales durante los procesos electorales.&nbsp;<\/p>\n\n\n\n<p>Seg\u00fan datos de la Organizaci\u00f3n de las Naciones Unidas para la Educaci\u00f3n, la Ciencia y la Cultura (Unesco), entre 2019 y 2022 se produjeron 759 agresiones contra periodistas durante 89 elecciones en 70 pa\u00edses.&nbsp;<\/p>\n\n\n\n<p>En 2024, 81 pa\u00edses a nivel global celebrar\u00e1n comicios, por lo que el organismo pidi\u00f3 hacer \u201cun verdadero esfuerzo\u201d para proteger a estos profesionales.&nbsp;<\/p>\n\n\n\n<p>La violencia aumenta durante las elecciones<\/p>\n\n\n\n<p>El jefe de la secci\u00f3n de Libertad de Expresi\u00f3n y Seguridad de los Periodistas del organismo, Guilherme Canela, habl\u00f3 con Noticias ONU sobre las principales preocupaciones para 2024, considerado un \u00aba\u00f1o superelectoral\u00bb.<\/p>\n\n\n\n<p>\u00abUnesco est\u00e1 diciendo: miren, estamos documentando que hay una tendencia a que la violencia contra los periodistas aumente durante los procesos electorales. Entonces, sabiendo esto de antemano, con evidencias muy concretas, hagamos un verdadero esfuerzo para que el a\u00f1o que viene la cobertura de los procesos electorales pueda darse de manera pac\u00edfica y que los periodistas puedan hacerlo de manera profesional e independiente en este s\u00faper a\u00f1o electoral de 2024\u00bb, declar\u00f3.<\/p>\n\n\n\n<p>Las agresiones registradas por la agencia involucran ataques f\u00edsicos y digitales, asesinatos, detenciones arbitrarias y la obstrucci\u00f3n del trabajo de los periodistas, ya sea a trav\u00e9s de amenazas o la destrucci\u00f3n de equipos.<\/p>\n\n\n\n<p>El informe \u201cEl papel de los funcionarios encargados de hacer cumplir la ley: Garantizar la seguridad de los periodistas durante las manifestaciones p\u00fablicas y las elecciones\u201d, presentado este jueves por el organismo, se\u00f1ala tambi\u00e9n la desinformaci\u00f3n como factor de riesgo para los procesos electorales.<\/p>\n\n\n\n<p>En concreto, varios de estos comicios tendr\u00e1n lugar en Am\u00e9rica Latina, entre ellos M\u00e9xico, Brasil (elecciones locales), El Salvador, Uruguay y Per\u00fa, entre otro, especific\u00f3 Canela.<\/p>\n\n\n\n<p>NUEVAS TECONOLG\u00cdAS<\/p>\n\n\n\n<p>En relaci\u00f3n con la desinformaci\u00f3n, el responsable declar\u00f3 que \u201ceste tema nos preocupa enormemente, entre otras cosas porque los avances en inteligencia artificial generativa, que tienen aspectos enormemente positivos para diversos \u00e1mbitos de nuestra vida, tambi\u00e9n permiten acelerar la desinformaci\u00f3n en diferentes campos, incluso durante los procesos electorales. Y lo nuevo aqu\u00ed es lo que llamamos las cuatro V: velocidad, volumen, viralidad y verosimilitud\u00bb.<\/p>\n\n\n\n<p>Seg\u00fan Canela, esta es una raz\u00f3n adicional para proteger a los periodistas, porque \u00abuna de las formas de combatir esta desinformaci\u00f3n es con un trabajo period\u00edstico profesional de calidad\u00bb.<\/p>\n\n\n\n<p>Tambi\u00e9n se\u00f1al\u00f3 que un mensaje central del informe es la necesidad de que los l\u00edderes pol\u00edticos, religiosos y famosos dejen de propagar narrativas generalizadoras contra el periodismo o los periodistas, ya que las pruebas demuestran que fomentan la violencia contra los profesionales de los medios de comunicaci\u00f3n.<\/p>\n\n\n\n<p>Intimidaci\u00f3n contra las mujeres<\/p>\n\n\n\n<p>Otro punto que preocupa a la agencia es el aumento de la intimidaci\u00f3n y la violencia en l\u00ednea contra las mujeres periodistas en todas las partes del mundo. Citando otro estudio propio, Canela mencion\u00f3 la relaci\u00f3n entre violencia y misoginia.&nbsp;<\/p>\n\n\n\n<p>\u00abLas mujeres periodistas que entrevistamos nos dijeron que son particularmente atacadas cuando est\u00e1n cubriendo temas que, seg\u00fan la visi\u00f3n mis\u00f3gina de quienes las atacan, son \u00e1reas de las que las mujeres no deber\u00edan hablar. Y una de esas \u00e1reas es precisamente la pol\u00edtica\u00bb.<\/p>\n\n\n\n<p>\u201cUna cantidad significativa de estas mujeres reportan consecuencias duras en la \u00e1rea de salud mental en funci\u00f3n de esta violencia en l\u00ednea\u201d, a\u00f1adi\u00f3.<\/p>\n\n\n\n<p>Israel-Palestina<\/p>\n\n\n\n<p>Sobre los peligros que corren los periodistas en situaciones de conflicto, Canela record\u00f3 que en la primera semana de la crisis en Israel y Gaza se registr\u00f3 el mayor n\u00famero de muertes en a\u00f1os de periodistas que trabajan en estas situaciones.<\/p>\n\n\n\n<p>Tambi\u00e9n se\u00f1al\u00f3 que la protecci\u00f3n de las infraestructuras de telecomunicaciones es fundamental \u00abpara garantizar el flujo de informaci\u00f3n que puede salvar vidas\u00bb.<\/p>\n\n\n\n<p>\u00abEn el caso concreto de la UNESCO, en relaci\u00f3n con este y otros conflictos, llevamos mucho tiempo se\u00f1alando que lo que se conoce como el cierre de internet no es algo que est\u00e9 respaldado por el derecho internacional de los derechos humanos\u00bb, a\u00f1adi\u00f3 Canela.<\/p>\n\n\n\n<p>El experto subray\u00f3 que los periodistas desempe\u00f1an un papel fundamental a la hora de documentar lo que ocurre en una situaci\u00f3n de conflicto.<\/p>\n","protected":false},"excerpt":{"rendered":"<p>Redacci\u00f3n\/Zona Roja Cdmx. Ciudad de M\u00e9xico, a 13 de noviembre de 2023.- Cada 2 de&hellip;<\/p>\n","protected":false},"author":2,"featured_media":28616,"comment_status":"closed","ping_status":"open","sticky":false,"template":"","format":"standard","meta":{"_lmt_disableupdate":"","_lmt_disable":"","_jetpack_memberships_contains_paid_content":false,"footnotes":""},"categories":[109,47],"tags":[],"class_list":["post-62015","post","type-post","status-publish","format-standard","has-post-thumbnail","hentry","category-minuto-a-minuto","category-zona-gris"],"jetpack_featured_media_url":"https:\/\/zonaroja.com.mx\/wp-content\/uploads\/2021\/06\/Voto-elecciones-casillas.jpg","jetpack_sharing_enabled":true,"_links":{"self":[{"href":"https:\/\/zonaroja.com.mx\/index.php?rest_route=\/wp\/v2\/posts\/62015","targetHints":{"allow":["GET"]}}],"collection":[{"href":"https:\/\/zonaroja.com.mx\/index.php?rest_route=\/wp\/v2\/posts"}],"about":[{"href":"https:\/\/zonaroja.com.mx\/index.php?rest_route=\/wp\/v2\/types\/post"}],"author":[{"embeddable":true,"href":"https:\/\/zonaroja.com.mx\/index.php?rest_route=\/wp\/v2\/users\/2"}],"replies":[{"embeddable":true,"href":"https:\/\/zonaroja.com.mx\/index.php?rest_route=%2Fwp%2Fv2%2Fcomments&post=62015"}],"version-history":[{"count":1,"href":"https:\/\/zonaroja.com.mx\/index.php?rest_route=\/wp\/v2\/posts\/62015\/revisions"}],"predecessor-version":[{"id":62016,"href":"https:\/\/zonaroja.com.mx\/index.php?rest_route=\/wp\/v2\/posts\/62015\/revisions\/62016"}],"wp:featuredmedia":[{"embeddable":true,"href":"https:\/\/zonaroja.com.mx\/index.php?rest_route=\/wp\/v2\/media\/28616"}],"wp:attachment":[{"href":"https:\/\/zonaroja.com.mx\/index.php?rest_route=%2Fwp%2Fv2%2Fmedia&parent=62015"}],"wp:term":[{"taxonomy":"category","embeddable":true,"href":"https:\/\/zonaroja.com.mx\/index.php?rest_route=%2Fwp%2Fv2%2Fcategories&post=62015"},{"taxonomy":"post_tag","embeddable":true,"href":"https:\/\/zonaroja.com.mx\/index.php?rest_route=%2Fwp%2Fv2%2Ftags&post=62015"}],"curies":[{"name":"wp","href":"https:\/\/api.w.org\/{rel}","templated":true}]}}