{"id":62017,"date":"2023-11-13T12:30:00","date_gmt":"2023-11-13T18:30:00","guid":{"rendered":"http:\/\/www.zonaroja.com.mx\/?p=62017"},"modified":"2023-11-13T08:15:25","modified_gmt":"2023-11-13T14:15:25","slug":"avanza-noviembre-con-mas-de-una-docena-de-personas-desaparecidas","status":"publish","type":"post","link":"https:\/\/zonaroja.com.mx\/?p=62017","title":{"rendered":"Avanza noviembre con m\u00e1s de una docena de personas desaparecidas\u00a0"},"content":{"rendered":"\n<p>Yuridiana Sosa\/Zona Roja. &nbsp;<\/p>\n\n\n\n<p>Oaxaca de Ju\u00e1rez, Oax., a 13 de noviembre de 2023.- Las desapariciones de hombres y mujeres en la entidad contin\u00faan durante el onceavo mes de a\u00f1o, el que al menos 13 personas que fueron reportadas como no localizadas persisten sin ser encontradas.&nbsp;<\/p>\n\n\n\n<p>La Unidad de B\u00fasqueda de Personas Desaparecidas y No Localizadas report\u00f3 que de la lista vigente, cinco son mujeres, una de ellas menor de edad, mientras que otra m\u00e1s buscada por medio de la Alerta Rosa, as\u00ed como 10 varones.\u00a0<\/p>\n\n\n\n<p>En la lista que se difunde en el mes de noviembre se da a conocer la desaparici\u00f3n de Jacinta Cruz Cruz, de 51 a\u00f1os, vista por \u00faltima vez el 8 de noviembre en Santa Cruz Xitla, Miahuat\u00e1n; de Gretel Garc\u00eda Ram\u00f3n, 18 a\u00f1os, desaparecida el 11 de noviembre en Santa Mar\u00eda Jacatepec; de Alejandra Lazo Ch\u00e1vez, de 16 a\u00f1os de edad, ocurrida el 6 de noviembre en la\u00a0Secci\u00f3n Primera del municipio de Teotitl\u00e1n del Valle.\u00a0<\/p>\n\n\n\n<p>Las autoridades pertenecientes a la Fiscal\u00eda General de Oaxaca activaron la Alerta Rosa para localizar a Elodia V\u00e1squez G\u00f3mez, de 36 a\u00f1os, vista por \u00faltima vez el 22 de octubre en Guadalupe Nucate, San Miguel Tlacotepec.&nbsp;<\/p>\n\n\n\n<p>Nereida Irais Fabi\u00e1n, de 23 a\u00f1os, es buscada tras ser vista por \u00faltima vez el pasado 19 de septiembre, en Santa Cruz Xoxocotl\u00e1n; la mujer va acompa\u00f1ada del ni\u00f1o Xander Erik S\u00e1nchez Fabi\u00e1n.&nbsp;<\/p>\n\n\n\n<p>Por otra parte, familiares y autoridades buscan a Carlos Roberto Salas Meza, de 15 a\u00f1os, desaparecido el pasado 7 de noviembre, en la colonia San Pablo Sur, del municipio de Salina Cruz.&nbsp;<\/p>\n\n\n\n<p>As\u00ed tambi\u00e9n piden ayuda de la poblaci\u00f3n para encontrar a Pablo David P\u00e9rez Cruz, de 29 a\u00f1os, fue visto por \u00faltima vez el 8 de noviembre en San Esteban Atatlahuca, &nbsp;a bordo de la camioneta marca Toyota, modelo Tacoma, color blanco, con placas de circulaci\u00f3n mv7638j del estado de Michoac\u00e1n.&nbsp;<\/p>\n\n\n\n<p>Hern\u00e1n Rodr\u00edguez Guti\u00e9rrez, de 26 a\u00f1os, desapareci\u00f3 el 3 de noviembre en Puerto Escondido, en San Pedro Mixtepec; Jes\u00fas Alejandro V\u00e1squez Hern\u00e1ndez, de 21 a\u00f1os, no es localizado desde el 6 de noviembre tras ser visto en la colonia Manuel \u00c1vila Camacho, de la agencia municipal de Donaj\u00ed, de Oaxaca de Ju\u00e1rez.&nbsp;<\/p>\n\n\n\n<p>Mientras que Francisco Javier Ruiz Espinoza, de 34 a\u00f1os, fue visto por \u00faltima vez el 28 De septiembre en el Municipio de San Agust\u00edn Etla; Eleuterio Ortiz Valent\u00edn, de 48 a\u00f1os, el 20 de octubre en la colonia el Sureste, ce San Juan Bautista Tuxtepec.&nbsp;<\/p>\n\n\n\n<p>Las autoridades tambi\u00e9n emitieron ficha de b\u00fasqueda en los casos de Wilhelm Walter Berg Mermeo, de 37 a\u00f1os, visto por \u00faltima vez el 4 de octubre en el Barrio Del Rosario, Santa Mar\u00eda Jalapa de Marques; Tony H\u00e9ctor Cruz L\u00f3pez, de 32 a\u00f1os, el 30 de octubre en Huajuapan de Le\u00f3n.&nbsp;<\/p>\n\n\n\n<p>As\u00ed como se busca a Santiago Castro Lucas, de 14 a\u00f1os, desapareci\u00f3 el 3 de noviembre en Reyes Mantec\u00f3n, de San Bartolo Coyotepec, e&nbsp;Ismael Feliciano Malag\u00f3n, de 34 a\u00f1os, desaparecido el 22 de octubre en el Lindero Cerro Mojarra, La Capilla, Acatl\u00e1n de P\u00e9rez Figueroa.<\/p>\n","protected":false},"excerpt":{"rendered":"<p>Yuridiana Sosa\/Zona Roja. &nbsp; Oaxaca de Ju\u00e1rez, Oax., a 13 de noviembre de 2023.- Las&hellip;<\/p>\n","protected":false},"author":2,"featured_media":62018,"comment_status":"closed","ping_status":"open","sticky":false,"template":"","format":"standard","meta":{"_lmt_disableupdate":"","_lmt_disable":"","_jetpack_memberships_contains_paid_content":false,"footnotes":""},"categories":[109,47],"tags":[455],"class_list":["post-62017","post","type-post","status-publish","format-standard","has-post-thumbnail","hentry","category-minuto-a-minuto","category-zona-gris","tag-mujeres-desaparecidas-oaxaca"],"jetpack_featured_media_url":"https:\/\/zonaroja.com.mx\/wp-content\/uploads\/2023\/11\/Desaparecidas-Oaxaca.jpg","jetpack_sharing_enabled":true,"_links":{"self":[{"href":"https:\/\/zonaroja.com.mx\/index.php?rest_route=\/wp\/v2\/posts\/62017","targetHints":{"allow":["GET"]}}],"collection":[{"href":"https:\/\/zonaroja.com.mx\/index.php?rest_route=\/wp\/v2\/posts"}],"about":[{"href":"https:\/\/zonaroja.com.mx\/index.php?rest_route=\/wp\/v2\/types\/post"}],"author":[{"embeddable":true,"href":"https:\/\/zonaroja.com.mx\/index.php?rest_route=\/wp\/v2\/users\/2"}],"replies":[{"embeddable":true,"href":"https:\/\/zonaroja.com.mx\/index.php?rest_route=%2Fwp%2Fv2%2Fcomments&post=62017"}],"version-history":[{"count":1,"href":"https:\/\/zonaroja.com.mx\/index.php?rest_route=\/wp\/v2\/posts\/62017\/revisions"}],"predecessor-version":[{"id":62019,"href":"https:\/\/zonaroja.com.mx\/index.php?rest_route=\/wp\/v2\/posts\/62017\/revisions\/62019"}],"wp:featuredmedia":[{"embeddable":true,"href":"https:\/\/zonaroja.com.mx\/index.php?rest_route=\/wp\/v2\/media\/62018"}],"wp:attachment":[{"href":"https:\/\/zonaroja.com.mx\/index.php?rest_route=%2Fwp%2Fv2%2Fmedia&parent=62017"}],"wp:term":[{"taxonomy":"category","embeddable":true,"href":"https:\/\/zonaroja.com.mx\/index.php?rest_route=%2Fwp%2Fv2%2Fcategories&post=62017"},{"taxonomy":"post_tag","embeddable":true,"href":"https:\/\/zonaroja.com.mx\/index.php?rest_route=%2Fwp%2Fv2%2Ftags&post=62017"}],"curies":[{"name":"wp","href":"https:\/\/api.w.org\/{rel}","templated":true}]}}