{"id":62020,"date":"2023-11-14T10:30:00","date_gmt":"2023-11-14T16:30:00","guid":{"rendered":"http:\/\/www.zonaroja.com.mx\/?p=62020"},"modified":"2023-11-13T20:46:59","modified_gmt":"2023-11-14T02:46:59","slug":"declaran-dia-de-la-guelaguetza-en-ciudad-de-nueva-york","status":"publish","type":"post","link":"https:\/\/zonaroja.com.mx\/?p=62020","title":{"rendered":"Declaran \u201cD\u00eda de la Guelaguetza\u201d en ciudad de Nueva York"},"content":{"rendered":"\n<p>Yuridiana Sosa\/Zona Roja.<\/p>\n\n\n\n<p>Oaxaca de Ju\u00e1rez, Oax., a 14 de noviembre de 2023.- La m\u00e1xima fiesta de los oaxaque\u00f1os, la Guelaguetza, ya cuenta con su d\u00eda especial en la ciudad de Poughkeepsie, en el condado de Dutchess, en Nueva York, Estados Unidos, a declaratoria de sus autoridades.<\/p>\n\n\n\n<p>El \u201cD\u00eda de la Guelaguetza\u201d fue proclamado el primer domingo de cada agosto por parte del alcalde Marc Nelson, quien para esta acci\u00f3n se reuni\u00f3 con miembros del comit\u00e9 de la Guelaguetza, empleados de la ciudad como oficiales de informaci\u00f3n p\u00fablica espa\u00f1ol, Julee Molina, John Penney y Chamberlain Jasmin Davis.<\/p>\n\n\n\n<p>Esta fiesta oaxaque\u00f1a comenz\u00f3 a celebrarse en esa ciudad estadounidense hace 15 a\u00f1os, en el 2008, con la asistencia de tan s\u00f3lo 200 personas, lo cual ha trascendido con \u00e9xito entre la poblaci\u00f3n de ese pa\u00eds.<\/p>\n\n\n\n<p>La fama de la ahora llamada \u201cOaxakeepsie\u201d, como la conocen, ha logrado reunir con el paso de los a\u00f1os hasta a m\u00e1s de siete mil 500 visitantes, quienes disfrutan de tan s\u00f3lo una muestra folcl\u00f3rica y danc\u00edstica de la riqueza cultural de Oaxaca.<\/p>\n\n\n\n<p>Las autoridades de Poughkeepsie informaron que la colaboraci\u00f3n del festival con la ciudad es un atractivo cada mes de agosto en todo el Valle del Hudson, la zona triestatal y M\u00e9xico.<\/p>\n\n\n\n<p>Los organizadores del festival y el Grupo Folcl\u00f3rico de M\u00e9xico incluye varios grupos de danza consumados, cantantes y una orquesta en vivo de Oaxaca.<\/p>\n\n\n\n<p>La edici\u00f3n de este a\u00f1o, que se realiz\u00f3 el 6 de agosto, fue conducida por la periodista oaxaque\u00f1a Jenifer Hern\u00e1ndez Bernab\u00e9 y la comunicadora norteamericana Nayeli Ch\u00e1vez Galleguer.<\/p>\n\n\n\n<figure class=\"wp-block-image size-full\"><a href=\"http:\/\/www.zonaroja.com.mx\/wp-content\/uploads\/2023\/11\/Guelaguetza-Poughkeepsie-Nueva-York.jpg\" data-rel=\"penci-gallery-image-content\" ><img decoding=\"async\" width=\"800\" height=\"591\" src=\"http:\/\/www.zonaroja.com.mx\/wp-content\/uploads\/2023\/11\/Guelaguetza-Poughkeepsie-Nueva-York.jpg\" alt=\"\" class=\"wp-image-61972\" srcset=\"https:\/\/zonaroja.com.mx\/wp-content\/uploads\/2023\/11\/Guelaguetza-Poughkeepsie-Nueva-York.jpg 800w, https:\/\/zonaroja.com.mx\/wp-content\/uploads\/2023\/11\/Guelaguetza-Poughkeepsie-Nueva-York-300x222.jpg 300w, https:\/\/zonaroja.com.mx\/wp-content\/uploads\/2023\/11\/Guelaguetza-Poughkeepsie-Nueva-York-768x567.jpg 768w, https:\/\/zonaroja.com.mx\/wp-content\/uploads\/2023\/11\/Guelaguetza-Poughkeepsie-Nueva-York-585x432.jpg 585w\" sizes=\"(max-width: 800px) 100vw, 800px\" \/><\/a><\/figure>\n","protected":false},"excerpt":{"rendered":"<p>Yuridiana Sosa\/Zona Roja. Oaxaca de Ju\u00e1rez, Oax., a 14 de noviembre de 2023.- La m\u00e1xima&hellip;<\/p>\n","protected":false},"author":2,"featured_media":61971,"comment_status":"closed","ping_status":"open","sticky":false,"template":"","format":"standard","meta":{"_lmt_disableupdate":"","_lmt_disable":"","_jetpack_memberships_contains_paid_content":false,"footnotes":""},"categories":[109,46],"tags":[3636],"class_list":["post-62020","post","type-post","status-publish","format-standard","has-post-thumbnail","hentry","category-minuto-a-minuto","category-zona-blanca","tag-guelaguetza-poughkeepsie-nueva-york"],"jetpack_featured_media_url":"https:\/\/zonaroja.com.mx\/wp-content\/uploads\/2023\/11\/Designacion-Guelaguetza-Nueva-York-EU.jpg","jetpack_sharing_enabled":true,"_links":{"self":[{"href":"https:\/\/zonaroja.com.mx\/index.php?rest_route=\/wp\/v2\/posts\/62020","targetHints":{"allow":["GET"]}}],"collection":[{"href":"https:\/\/zonaroja.com.mx\/index.php?rest_route=\/wp\/v2\/posts"}],"about":[{"href":"https:\/\/zonaroja.com.mx\/index.php?rest_route=\/wp\/v2\/types\/post"}],"author":[{"embeddable":true,"href":"https:\/\/zonaroja.com.mx\/index.php?rest_route=\/wp\/v2\/users\/2"}],"replies":[{"embeddable":true,"href":"https:\/\/zonaroja.com.mx\/index.php?rest_route=%2Fwp%2Fv2%2Fcomments&post=62020"}],"version-history":[{"count":2,"href":"https:\/\/zonaroja.com.mx\/index.php?rest_route=\/wp\/v2\/posts\/62020\/revisions"}],"predecessor-version":[{"id":62035,"href":"https:\/\/zonaroja.com.mx\/index.php?rest_route=\/wp\/v2\/posts\/62020\/revisions\/62035"}],"wp:featuredmedia":[{"embeddable":true,"href":"https:\/\/zonaroja.com.mx\/index.php?rest_route=\/wp\/v2\/media\/61971"}],"wp:attachment":[{"href":"https:\/\/zonaroja.com.mx\/index.php?rest_route=%2Fwp%2Fv2%2Fmedia&parent=62020"}],"wp:term":[{"taxonomy":"category","embeddable":true,"href":"https:\/\/zonaroja.com.mx\/index.php?rest_route=%2Fwp%2Fv2%2Fcategories&post=62020"},{"taxonomy":"post_tag","embeddable":true,"href":"https:\/\/zonaroja.com.mx\/index.php?rest_route=%2Fwp%2Fv2%2Ftags&post=62020"}],"curies":[{"name":"wp","href":"https:\/\/api.w.org\/{rel}","templated":true}]}}