{"id":62024,"date":"2023-11-13T17:16:18","date_gmt":"2023-11-13T23:16:18","guid":{"rendered":"http:\/\/www.zonaroja.com.mx\/?p=62024"},"modified":"2023-11-13T17:16:20","modified_gmt":"2023-11-13T23:16:20","slug":"refuta-jara-posturas-de-la-seccion-22-de-snte-lideres-fueron-maiceados","status":"publish","type":"post","link":"https:\/\/zonaroja.com.mx\/?p=62024","title":{"rendered":"Refuta Jara posturas de la Secci\u00f3n 22 de SNTE; l\u00edderes fueron \u201cmaiceados\u201d"},"content":{"rendered":"\n<p>Yuridiana Sosa\/Zona Roja.&nbsp;<\/p>\n\n\n\n<p>Oaxaca de Ju\u00e1rez, Oax., a 13 de noviembre de 2023.- El gobernador de Oaxaca, Salom\u00f3n Jara Cruz, critic\u00f3 la jornada de protesta que este lunes realiza la Secci\u00f3n 22 del SNTE contra el gobierno federal y estatal, por incumplimiento de demandas, por lo que se\u00f1al\u00f3 al movimiento de posiblemente contar con \u201cpozoleros\u201d y a\u00f1orar las administraciones priistas. &nbsp;<\/p>\n\n\n\n<p>Durante su conferencia matutina de este lunes, el mandatario expres\u00f3 su desagrado por la movilizaci\u00f3n del Comit\u00e9 Ejecutivo que lidera Yenny Aracely P\u00e9rez en la Ciudad de M\u00e9xico por el cambio de fecha para la mesa de la negociaci\u00f3n con la Secretar\u00eda de Gobierno Federal programa para este d\u00eda, para el 16 de este mes; as\u00ed como en Oaxaca por parte de la delegaci\u00f3n del Istmo. &nbsp;<\/p>\n\n\n\n<p>Jara Cruz asegur\u00f3 que, aunque respeta la vida sindical, no existen motivos para las protestas debido a que la gremial, adherida a la Coordinadora Nacional de Trabajadores de la Educaci\u00f3n (CNTE), ha sido escuchada y atendida por el presidente Andr\u00e9s Manuel L\u00f3pez Obrador y por su gobierno, de forma accesible, amigable y fraternal. &nbsp;<\/p>\n\n\n\n<p>\u201cNo nos gustar\u00eda que los \u2018pozoleros\u2019 sigan con su chantaje, y como ya no van a tener diputaciones federales, ahora est\u00e1n presionando por esa v\u00eda. Eso no nos parece\u201d, se\u00f1al\u00f3 Jara, quien asegur\u00f3 que ahora todas las atenciones se hacen de forma transparente.&nbsp;<\/p>\n\n\n\n<p>Ante la perseverancia de las manifestaciones, el gobernador apunt\u00f3: \u201cTal parece que no se quiere cambiar y se tenga el mismo sistema priista. No s\u00e9 si se a\u00f1ora esa \u00e9poca, porque hab\u00eda mejores prebendas\u201d.&nbsp;<\/p>\n\n\n\n<p>Incluso mostr\u00f3 su molestia por los continuos posicionamientos de la Secci\u00f3n 22 contra el titular del Instituto Estatal de Educaci\u00f3n P\u00fablica de Oaxaca (IEEPO), Emilio Montero P\u00e9rez y los nulos posicionamientos contra anteriores directores en la administraci\u00f3n pasada.&nbsp;<\/p>\n\n\n\n<p>\u201cLo que significa que algunos maestros a\u00f1oran al PRI, a los Murat\u201d, dijo Jara Cruz al reiterar que en su gobierno hay di\u00e1logo, mientras que en la administraci\u00f3n pasada se comparaba a los l\u00edderes para dividir, lo cual eso se acab\u00f3.&nbsp;<\/p>\n\n\n\n<p>Se\u00f1al\u00f3 que fue testigo de esa forma de operar en el periodo sindical de Azael Santiago Chepi (2008-2012), donde el gobierno los ten\u00eda \u201cmaiceados\u201d. \u00a0<\/p>\n\n\n\n<figure class=\"wp-block-embed\"><div class=\"wp-block-embed__wrapper\">\nhttps:\/\/x.com\/ZonaRoja_Oaxaca\/status\/1724145511014215945?s=20\n<\/div><\/figure>\n\n\n\n<p>\u201cYa no se compran l\u00edderes, ya no se compra al magisterio, a la Secci\u00f3n 22. No se est\u00e1n vendiendo con nosotros porque no ofrecemos nada, m\u00e1s que atender sus problemas y darle soluci\u00f3n. Seguimos invit\u00e1ndolo al di\u00e1logo\u201d, se\u00f1al\u00f3.&nbsp;<\/p>\n\n\n\n<p>NEGOCIACIONES&nbsp;<\/p>\n\n\n\n<p>Salom\u00f3n Jara Cruz indic\u00f3 que para empezar el presidente L\u00f3pez Obrador instruy\u00f3 una mesa de di\u00e1logo de manera mensual para revisar lo necesario con la Secci\u00f3n 22 de la CNTE, lo que incluye la reforma Educativa, del ISSSTE y la propuesta del cambio del nivel de educaci\u00f3n ind\u00edgena al INPI.&nbsp;<\/p>\n\n\n\n<p>Apunt\u00f3 que el cambio de fecha sobre la reuni\u00f3n de este lunes se debi\u00f3 a una gira de trabajo del presidente en el norte del pa\u00eds. &nbsp;<\/p>\n\n\n\n<p>Reiter\u00f3 que tambi\u00e9n las demandas que exige la delegaci\u00f3n del Istmo, se han expuesto en otros casos. &nbsp;<\/p>\n\n\n\n<p>Sobre la entrega de vales de uniformes, de los ciclos 2022-2023 y 2023-2024, dijo que no se efect\u00faan ante los actos de corrupci\u00f3n que se detectaron en esta acci\u00f3n; y la construcci\u00f3n el hospital regional de Tehuantepec se realizar\u00e1 por parte del gobierno federal, pero su atraso se debi\u00f3 al intento de extorsi\u00f3n de sindicatos a la empresa constructora.<\/p>\n","protected":false},"excerpt":{"rendered":"<p>Yuridiana Sosa\/Zona Roja.&nbsp; Oaxaca de Ju\u00e1rez, Oax., a 13 de noviembre de 2023.- El gobernador&hellip;<\/p>\n","protected":false},"author":2,"featured_media":62025,"comment_status":"closed","ping_status":"open","sticky":false,"template":"","format":"standard","meta":{"_lmt_disableupdate":"","_lmt_disable":"","_jetpack_memberships_contains_paid_content":false,"footnotes":""},"categories":[109,46],"tags":[939],"class_list":["post-62024","post","type-post","status-publish","format-standard","has-post-thumbnail","hentry","category-minuto-a-minuto","category-zona-blanca","tag-salomon-jara-cruz"],"jetpack_featured_media_url":"https:\/\/zonaroja.com.mx\/wp-content\/uploads\/2023\/11\/Salomon-Jara-conferencia.jpg","jetpack_sharing_enabled":true,"_links":{"self":[{"href":"https:\/\/zonaroja.com.mx\/index.php?rest_route=\/wp\/v2\/posts\/62024","targetHints":{"allow":["GET"]}}],"collection":[{"href":"https:\/\/zonaroja.com.mx\/index.php?rest_route=\/wp\/v2\/posts"}],"about":[{"href":"https:\/\/zonaroja.com.mx\/index.php?rest_route=\/wp\/v2\/types\/post"}],"author":[{"embeddable":true,"href":"https:\/\/zonaroja.com.mx\/index.php?rest_route=\/wp\/v2\/users\/2"}],"replies":[{"embeddable":true,"href":"https:\/\/zonaroja.com.mx\/index.php?rest_route=%2Fwp%2Fv2%2Fcomments&post=62024"}],"version-history":[{"count":1,"href":"https:\/\/zonaroja.com.mx\/index.php?rest_route=\/wp\/v2\/posts\/62024\/revisions"}],"predecessor-version":[{"id":62026,"href":"https:\/\/zonaroja.com.mx\/index.php?rest_route=\/wp\/v2\/posts\/62024\/revisions\/62026"}],"wp:featuredmedia":[{"embeddable":true,"href":"https:\/\/zonaroja.com.mx\/index.php?rest_route=\/wp\/v2\/media\/62025"}],"wp:attachment":[{"href":"https:\/\/zonaroja.com.mx\/index.php?rest_route=%2Fwp%2Fv2%2Fmedia&parent=62024"}],"wp:term":[{"taxonomy":"category","embeddable":true,"href":"https:\/\/zonaroja.com.mx\/index.php?rest_route=%2Fwp%2Fv2%2Fcategories&post=62024"},{"taxonomy":"post_tag","embeddable":true,"href":"https:\/\/zonaroja.com.mx\/index.php?rest_route=%2Fwp%2Fv2%2Ftags&post=62024"}],"curies":[{"name":"wp","href":"https:\/\/api.w.org\/{rel}","templated":true}]}}