{"id":62027,"date":"2023-11-13T17:58:33","date_gmt":"2023-11-13T23:58:33","guid":{"rendered":"http:\/\/www.zonaroja.com.mx\/?p=62027"},"modified":"2023-11-13T17:58:35","modified_gmt":"2023-11-13T23:58:35","slug":"indagan-asesinato-de-tres-personas-en-la-region-del-istmo-de-oaxaca","status":"publish","type":"post","link":"https:\/\/zonaroja.com.mx\/?p=62027","title":{"rendered":"Indagan asesinato de tres personas en la regi\u00f3n del Istmo de Oaxaca"},"content":{"rendered":"\n<p>Redacci\u00f3n\/Zona Roja.<\/p>\n\n\n\n<p>Oaxaca de Ju\u00e1rez, Oax., a 13 de noviembre de 2023.- Tres personas fueron asesinada a balazos la noche del pasado s\u00e1bado en Santo Domingo Petapa, municipio ubicado en la regi\u00f3n del Istmo, Oaxaca.<\/p>\n\n\n\n<p>La Fiscal\u00eda General del Estado de Oaxaca inici\u00f3 las indagatorias del caso registrado alrededor de las 20:00 horas en el callej\u00f3n sin nombre, entre la avenida Hidalgo y las calles Francisco I. Madero y Emiliano Zapata.<\/p>\n\n\n\n<p>De acuerdo con las primeras indagatorias, en el interior del domicilio se hallaron varios casquillos percutidos, calibre nueve mil\u00edmetros, pero los cuerpos fueron retirados por los familiares.<\/p>\n\n\n\n<p>M\u00e1s tarde, en el avance de las investigaciones, se logr\u00f3 identificar a las v\u00edctimas, Jonathan F. V., de 25 a\u00f1os de edad; Deyvis D. S., de 29 a\u00f1os, y Cornelio M. G., de 17 a\u00f1os.<\/p>\n\n\n\n<p>Hasta el momento se desconoce el m\u00f3vil del crimen y no hab\u00eda polic\u00edas municipales en la zona para detener o en su caso perseguir a los probables delincuentes.<\/p>\n\n\n\n<p>EN HUAJUAPAN<\/p>\n\n\n\n<p>Por otra parte, en Huajuapan de Le\u00f3n, dos personas resultaron lesionadas de gravedad tras un ataque armado por parte de sujetos desconocidos.<\/p>\n\n\n\n<p>La agresi\u00f3n ocurri\u00f3 este lunes en la colonia Santa Cruz y debido a la tard\u00eda llegada de los polic\u00edas, no hay pistas del o de los delincuentes.<\/p>\n\n\n\n<p>Hasta el momento las v\u00edctimas contin\u00faan hospitalizadas y a\u00fan no se ha dado a conocer su identidad.<\/p>\n","protected":false},"excerpt":{"rendered":"<p>Redacci\u00f3n\/Zona Roja. Oaxaca de Ju\u00e1rez, Oax., a 13 de noviembre de 2023.- Tres personas fueron&hellip;<\/p>\n","protected":false},"author":2,"featured_media":7486,"comment_status":"closed","ping_status":"open","sticky":false,"template":"","format":"standard","meta":{"_lmt_disableupdate":"","_lmt_disable":"","_jetpack_memberships_contains_paid_content":false,"footnotes":""},"categories":[109,51],"tags":[1745],"class_list":["post-62027","post","type-post","status-publish","format-standard","has-post-thumbnail","hentry","category-minuto-a-minuto","category-zona-roja","tag-santo-domingo-petapa"],"jetpack_featured_media_url":"https:\/\/zonaroja.com.mx\/wp-content\/uploads\/2020\/01\/Escena-del-crimen7.jpg","jetpack_sharing_enabled":true,"_links":{"self":[{"href":"https:\/\/zonaroja.com.mx\/index.php?rest_route=\/wp\/v2\/posts\/62027","targetHints":{"allow":["GET"]}}],"collection":[{"href":"https:\/\/zonaroja.com.mx\/index.php?rest_route=\/wp\/v2\/posts"}],"about":[{"href":"https:\/\/zonaroja.com.mx\/index.php?rest_route=\/wp\/v2\/types\/post"}],"author":[{"embeddable":true,"href":"https:\/\/zonaroja.com.mx\/index.php?rest_route=\/wp\/v2\/users\/2"}],"replies":[{"embeddable":true,"href":"https:\/\/zonaroja.com.mx\/index.php?rest_route=%2Fwp%2Fv2%2Fcomments&post=62027"}],"version-history":[{"count":1,"href":"https:\/\/zonaroja.com.mx\/index.php?rest_route=\/wp\/v2\/posts\/62027\/revisions"}],"predecessor-version":[{"id":62028,"href":"https:\/\/zonaroja.com.mx\/index.php?rest_route=\/wp\/v2\/posts\/62027\/revisions\/62028"}],"wp:featuredmedia":[{"embeddable":true,"href":"https:\/\/zonaroja.com.mx\/index.php?rest_route=\/wp\/v2\/media\/7486"}],"wp:attachment":[{"href":"https:\/\/zonaroja.com.mx\/index.php?rest_route=%2Fwp%2Fv2%2Fmedia&parent=62027"}],"wp:term":[{"taxonomy":"category","embeddable":true,"href":"https:\/\/zonaroja.com.mx\/index.php?rest_route=%2Fwp%2Fv2%2Fcategories&post=62027"},{"taxonomy":"post_tag","embeddable":true,"href":"https:\/\/zonaroja.com.mx\/index.php?rest_route=%2Fwp%2Fv2%2Ftags&post=62027"}],"curies":[{"name":"wp","href":"https:\/\/api.w.org\/{rel}","templated":true}]}}