{"id":62029,"date":"2023-11-13T19:28:09","date_gmt":"2023-11-14T01:28:09","guid":{"rendered":"http:\/\/www.zonaroja.com.mx\/?p=62029"},"modified":"2023-11-13T19:28:14","modified_gmt":"2023-11-14T01:28:14","slug":"vinculan-a-proceso-a-presunto-feminicida-de-cotzocon-mixe","status":"publish","type":"post","link":"https:\/\/zonaroja.com.mx\/?p=62029","title":{"rendered":"Vinculan a proceso a presunto feminicida de Cotzoc\u00f3n Mixe"},"content":{"rendered":"\n<p>Redacci\u00f3n\/Zona Roja.<\/p>\n\n\n\n<p>Oaxaca de Ju\u00e1rez, Oax., a 13 de noviembre de 2023.- &nbsp;El trabajo en materia de g\u00e9nero que realizan las \u00e1reas especializadas de la Fiscal\u00eda General del Estado de Oaxaca (FGEO) dio como resultado la obtenci\u00f3n de un auto de vinculaci\u00f3n a proceso en contra de J. M. C., imputado por el delito de Feminicidio en agravio de su concubina, hechos ocurridos en la regi\u00f3n de la Cuenca del Papaloapan.<\/p>\n\n\n\n<p>De acuerdo con el expediente, el 25 de agosto de 2022 la v\u00edctima, identificada como R. F. C., se encontraba al interior de su domicilio, localizado en la colonia Nueva Patria, en la poblaci\u00f3n de Mar\u00eda Lombardo perteneciente al municipio de San Juan Cotzoc\u00f3n, cuando sufri\u00f3 una agresi\u00f3n por la que result\u00f3 herida, dichas lesiones le provocaron la muerte.<\/p>\n\n\n\n<p>La FGEO tom\u00f3 conocimiento del crimen e inici\u00f3 las investigaciones a trav\u00e9s de la Vicefiscal\u00eda Regional de la Cuenca, la cual despleg\u00f3 un equipo multidisciplinario especializado en delitos contra la mujer por raz\u00f3n de g\u00e9nero, que se encarg\u00f3 de efectuar las diligencias iniciales.<\/p>\n\n\n\n<p>Derivado de las indagatorias, se obtuvo una orden de aprehensi\u00f3n que fue ejecutada por elementos de la Agencia Estatal de Investigaciones (AEI) que detuvieron a J. M. C.<\/p>\n\n\n\n<p>Luego de presentar las pruebas contra el imputado, el Juez que atiende la causa dict\u00f3 auto de vinculaci\u00f3n a proceso en contra del imputado por el delito de Feminicidio, adem\u00e1s que impuso prisi\u00f3n preventiva justificada y concedi\u00f3 tres meses para el cierre de la investigaci\u00f3n complementaria.<\/p>\n\n\n\n<p>La Fiscal\u00eda de Oaxaca pone especial \u00e9nfasis en los delitos contra la mujer por raz\u00f3n de g\u00e9nero para garantizar una vida sin violencia, pues este tipo de agresiones, en gran medida, se generan al interior del nicho familiar.<\/p>\n\n\n\n<p>EN CHILCHOTLA<\/p>\n\n\n\n<p>Por otra parte, la Fiscal\u00eda General obtuvo auto de vinculaci\u00f3n a proceso en contra de una persona identificada como H.C.R., imputada por el delito de Homicidio, cometido en agravio de un hombre -J.C.R.-, por hechos ocurridos en la regi\u00f3n de la Sierra de Flores Mag\u00f3n.<\/p>\n\n\n\n<p>De acuerdo con el expediente penal, el 26 de octubre de 2023, la v\u00edctima y el imputado regresaban a sus domicilios, en Piedra de Fierro, Santa Mar\u00eda Chilchotla, cuando el agresor golpe\u00f3 en varias veces a la v\u00edctima, lesiones que le provocaron la muerte.<\/p>\n\n\n\n<p>Cuando la FGEO tuvo conocimiento de los sucesos, el caso qued\u00f3 a cargo de la Vicefiscal\u00eda General de Control Regional, la cual inici\u00f3 las investigaciones, por lo que despleg\u00f3 un equipo multidisciplinario que proces\u00f3 la escena del crimen, para tener certeza respecto a las investigaciones en torno a este homicidio.<\/p>\n\n\n\n<p>Derivado de las indagatorias, se establecieron s\u00f3lidas l\u00edneas de investigaci\u00f3n, por lo cual se libr\u00f3 la orden de aprehensi\u00f3n que fue ejecutada por elementos de la Agencia Estatal de Investigaciones (AEI) en contra del imputado H.C.R., quien fue puesto a disposici\u00f3n del Juez de Control del Circuito Judicial, con sede en la Ca\u00f1ada, el cual dict\u00f3 auto de vinculaci\u00f3n a proceso por el delito de homicidio, imponi\u00e9ndole prisi\u00f3n preventiva y otorg\u00e1ndole 2 meses para el cierre de la investigaci\u00f3n.<\/p>\n","protected":false},"excerpt":{"rendered":"<p>Redacci\u00f3n\/Zona Roja. Oaxaca de Ju\u00e1rez, Oax., a 13 de noviembre de 2023.- &nbsp;El trabajo en&hellip;<\/p>\n","protected":false},"author":2,"featured_media":52618,"comment_status":"closed","ping_status":"open","sticky":false,"template":"","format":"standard","meta":{"_lmt_disableupdate":"","_lmt_disable":"","_jetpack_memberships_contains_paid_content":false,"footnotes":""},"categories":[109,46],"tags":[494],"class_list":["post-62029","post","type-post","status-publish","format-standard","has-post-thumbnail","hentry","category-minuto-a-minuto","category-zona-blanca","tag-fiscalia-general-del-estado-de-oaxaca"],"jetpack_featured_media_url":"https:\/\/zonaroja.com.mx\/wp-content\/uploads\/2023\/03\/Detenido-esposado-aprehension.webp","jetpack_sharing_enabled":true,"_links":{"self":[{"href":"https:\/\/zonaroja.com.mx\/index.php?rest_route=\/wp\/v2\/posts\/62029","targetHints":{"allow":["GET"]}}],"collection":[{"href":"https:\/\/zonaroja.com.mx\/index.php?rest_route=\/wp\/v2\/posts"}],"about":[{"href":"https:\/\/zonaroja.com.mx\/index.php?rest_route=\/wp\/v2\/types\/post"}],"author":[{"embeddable":true,"href":"https:\/\/zonaroja.com.mx\/index.php?rest_route=\/wp\/v2\/users\/2"}],"replies":[{"embeddable":true,"href":"https:\/\/zonaroja.com.mx\/index.php?rest_route=%2Fwp%2Fv2%2Fcomments&post=62029"}],"version-history":[{"count":1,"href":"https:\/\/zonaroja.com.mx\/index.php?rest_route=\/wp\/v2\/posts\/62029\/revisions"}],"predecessor-version":[{"id":62030,"href":"https:\/\/zonaroja.com.mx\/index.php?rest_route=\/wp\/v2\/posts\/62029\/revisions\/62030"}],"wp:featuredmedia":[{"embeddable":true,"href":"https:\/\/zonaroja.com.mx\/index.php?rest_route=\/wp\/v2\/media\/52618"}],"wp:attachment":[{"href":"https:\/\/zonaroja.com.mx\/index.php?rest_route=%2Fwp%2Fv2%2Fmedia&parent=62029"}],"wp:term":[{"taxonomy":"category","embeddable":true,"href":"https:\/\/zonaroja.com.mx\/index.php?rest_route=%2Fwp%2Fv2%2Fcategories&post=62029"},{"taxonomy":"post_tag","embeddable":true,"href":"https:\/\/zonaroja.com.mx\/index.php?rest_route=%2Fwp%2Fv2%2Ftags&post=62029"}],"curies":[{"name":"wp","href":"https:\/\/api.w.org\/{rel}","templated":true}]}}