{"id":62031,"date":"2023-11-13T20:42:43","date_gmt":"2023-11-14T02:42:43","guid":{"rendered":"http:\/\/www.zonaroja.com.mx\/?p=62031"},"modified":"2023-11-13T20:42:44","modified_gmt":"2023-11-14T02:42:44","slug":"hallan-sin-vida-a-activista-lgbtiq-y-a-su-pareja-en-aguascalientes","status":"publish","type":"post","link":"https:\/\/zonaroja.com.mx\/?p=62031","title":{"rendered":"Hallan sin vida a activista LGBTIQ+ y a su pareja, en Aguascalientes"},"content":{"rendered":"\n<p>Redacci\u00f3n\/Zona Roja Cdmx.<\/p>\n\n\n\n<p>Ciudad de M\u00e9xico, a 13 de noviembre de 2023.- Jes\u00fas Ociel Baena, magistrade electoral de Aguascalientes, fue hallade sin vida la ma\u00f1ana de este lunes en el fraccionamiento Punta del Cielo en el estado de Aguascalientes.<\/p>\n\n\n\n<p>El hallazgo fue confirmado por Rosa Icela Rodr\u00edguez, secretaria de Seguridad y Protecci\u00f3n Ciudadana, durante la conferencia matutina del presidente L\u00f3pez Obrador.&nbsp;<\/p>\n\n\n\n<p>Jes\u00fas Ociel Baena, de acuerdo con su perfil en redes sociales, era \u201cuna persona no binaria, especialista en derechos pol\u00edtico-electorales, impulsore de litigios estrat\u00e9gicos electorales con perspectiva LGBTIQ+\u201d, y fue el primer magistrade electoral en el pa\u00eds.<\/p>\n\n\n\n<p>Por la ma\u00f1ana, la titular de seguridad ciudadana manifest\u00f3 que a\u00fan se desconoce si la muerte fue causada por un accidente o un homicidio.<\/p>\n\n\n\n<p>\u00abYa est\u00e1n las autoridades de Aguascalientes, viendo c\u00f3mo fue el caso. Pero vamos a estar pendientes de cualquier informaci\u00f3n\u00bb, indic\u00f3 la funcionaria federal.<\/p>\n\n\n\n<p>Horas despu\u00e9s de la confirmaci\u00f3n del deceso, la Fiscal\u00eda General del Estado se\u00f1al\u00f3 que en el lugar se encontraron sin vida a Jes\u00fas Ociel \u201cN\u201d y a una persona de nombre Dorian Daniel \u201cN\u201d, en el interior de la vivienda mencionada. De acuerdo con los hallazgo, el organismo concluy\u00f3 lo siguiente:<\/p>\n\n\n\n<p>* Todo indica que podr\u00eda tratarse de \u00edndole personal.<\/p>\n\n\n\n<p>* Ambos arribaron al domicilio en la madrugada de este d\u00eda.<\/p>\n\n\n\n<p>* No se encontraron da\u00f1os en los accesos a la vivienda, es decir, no estaban da\u00f1adas las chapas, ni las puertas o los exteriores.<\/p>\n\n\n\n<p>* No hay restos hem\u00e1ticos en el exterior de la escena del crimen.<\/p>\n\n\n\n<p>* Se descarta presencia de una tercera persona en el sitio.<\/p>\n\n\n\n<p>\u00abPor la forma en que se encontraron los cuerpos tambi\u00e9n nos permite establecer que todo pudo haber ocurrido entre ellos, es decir que las lesiones pudieron haber sido provocadas entre ellos mismos\u00bb, apunt\u00f3 Jes\u00fas Figueroa Ortega, fiscal general del Estado.<\/p>\n\n\n\n<p>Aunque aclar\u00f3 que no se puede asegurar la causa de muerte hasta que no se realice la necropsia de los cuerpos.<\/p>\n\n\n\n<p>Se encontr\u00f3 que, en sus manos, uno de los cuerpos sin vida localizados sosten\u00eda un instrumento cortante.<\/p>\n","protected":false},"excerpt":{"rendered":"<p>Redacci\u00f3n\/Zona Roja Cdmx. Ciudad de M\u00e9xico, a 13 de noviembre de 2023.- Jes\u00fas Ociel Baena,&hellip;<\/p>\n","protected":false},"author":2,"featured_media":62032,"comment_status":"closed","ping_status":"open","sticky":false,"template":"","format":"standard","meta":{"_lmt_disableupdate":"","_lmt_disable":"","_jetpack_memberships_contains_paid_content":false,"footnotes":""},"categories":[109,47],"tags":[3732],"class_list":["post-62031","post","type-post","status-publish","format-standard","has-post-thumbnail","hentry","category-minuto-a-minuto","category-zona-gris","tag-jesus-ociel-baena"],"jetpack_featured_media_url":"https:\/\/zonaroja.com.mx\/wp-content\/uploads\/2023\/11\/Jesus-Ociel-Baena-Aguascalientes.webp","jetpack_sharing_enabled":true,"_links":{"self":[{"href":"https:\/\/zonaroja.com.mx\/index.php?rest_route=\/wp\/v2\/posts\/62031","targetHints":{"allow":["GET"]}}],"collection":[{"href":"https:\/\/zonaroja.com.mx\/index.php?rest_route=\/wp\/v2\/posts"}],"about":[{"href":"https:\/\/zonaroja.com.mx\/index.php?rest_route=\/wp\/v2\/types\/post"}],"author":[{"embeddable":true,"href":"https:\/\/zonaroja.com.mx\/index.php?rest_route=\/wp\/v2\/users\/2"}],"replies":[{"embeddable":true,"href":"https:\/\/zonaroja.com.mx\/index.php?rest_route=%2Fwp%2Fv2%2Fcomments&post=62031"}],"version-history":[{"count":1,"href":"https:\/\/zonaroja.com.mx\/index.php?rest_route=\/wp\/v2\/posts\/62031\/revisions"}],"predecessor-version":[{"id":62033,"href":"https:\/\/zonaroja.com.mx\/index.php?rest_route=\/wp\/v2\/posts\/62031\/revisions\/62033"}],"wp:featuredmedia":[{"embeddable":true,"href":"https:\/\/zonaroja.com.mx\/index.php?rest_route=\/wp\/v2\/media\/62032"}],"wp:attachment":[{"href":"https:\/\/zonaroja.com.mx\/index.php?rest_route=%2Fwp%2Fv2%2Fmedia&parent=62031"}],"wp:term":[{"taxonomy":"category","embeddable":true,"href":"https:\/\/zonaroja.com.mx\/index.php?rest_route=%2Fwp%2Fv2%2Fcategories&post=62031"},{"taxonomy":"post_tag","embeddable":true,"href":"https:\/\/zonaroja.com.mx\/index.php?rest_route=%2Fwp%2Fv2%2Ftags&post=62031"}],"curies":[{"name":"wp","href":"https:\/\/api.w.org\/{rel}","templated":true}]}}