{"id":62036,"date":"2023-11-13T20:49:34","date_gmt":"2023-11-14T02:49:34","guid":{"rendered":"http:\/\/www.zonaroja.com.mx\/?p=62036"},"modified":"2023-11-13T20:49:35","modified_gmt":"2023-11-14T02:49:35","slug":"inaugura-poder-judicial-nuevas-instalaciones-de-juzgados-en-tehuantepec","status":"publish","type":"post","link":"https:\/\/zonaroja.com.mx\/?p=62036","title":{"rendered":"Inaugura\u00a0Poder Judicial\u00a0nuevas instalaciones de\u00a0juzgados\u00a0en Tehuantepec"},"content":{"rendered":"\n<p>Redacci\u00f3n\/Zona Roja.<\/p>\n\n\n\n<p>Oaxaca de Ju\u00e1rez, Oax., a 13 de noviembre de 2023.- Para&nbsp;optimizar&nbsp;y dignificar&nbsp;la atenci\u00f3n&nbsp;a la ciudadan\u00eda, reducir rezagos y cargas laborales, as\u00ed como atender las exigencias del nuevo C\u00f3digo de Procedimientos Civiles y Familiares&nbsp;que adopta un sistema procesal oral y digital, el titular del Poder Judicial del Estado, magistrado Eduardo Pinacho S\u00e1nchez inaugur\u00f3 las&nbsp;nuevas&nbsp;instalaciones de los&nbsp;juzgados de Control; Ejecuci\u00f3n Penal, Primero y Segundo Familiar y Civil de Tehuantepec, este \u00faltimo de reciente creaci\u00f3n.&nbsp;<\/p>\n\n\n\n<p>Ubicado en la&nbsp;carretera trans\u00edstmica&nbsp;kil\u00f3metro 20, Barrio&nbsp;Vixhana, el inmueble cuenta con dos salas de audiencias, cub\u00edculos para&nbsp;juezas y&nbsp;jueces, personal administrativo,&nbsp;secretarias y&nbsp;secretarios&nbsp;de acuerdos, archivo, \u00e1rea de psicolog\u00eda y&nbsp;Site, adem\u00e1s de que fue dotado de&nbsp;una moderna red de voz y datos,&nbsp;equipo de c\u00f3mputo y mobiliario nuevo y se encuentran en proceso de instalaci\u00f3n los m\u00f3dulos de aire acondicionado.<\/p>\n\n\n\n<p>En el acto protocolario, donde le acompa\u00f1aron&nbsp;la presidenta&nbsp;municipal&nbsp;de Tehuantepec,&nbsp;Vilma Mart\u00ednez Cort\u00e9s, magistradas, magistrados, consejeras, consejeros de la Judicatura, de la&nbsp;Vicefiscal\u00eda&nbsp;Regional del Istmo y personal judicial,&nbsp;el Magistrado&nbsp;Presidente&nbsp;se\u00f1al\u00f3&nbsp;que,&nbsp;en atenci\u00f3n a una solicitud de&nbsp;asociaciones como el Colegio de Abogados del Istmo, se cre\u00f3&nbsp;el Juzgado&nbsp;Segundo Familiar y Civil de Tehuantepec.<\/p>\n\n\n\n<p>\u201cEstamos cumpliendo a esa petici\u00f3n resultado de los adecuados v\u00ednculos interinstitucionales que hemos ido paulatinamente generando. Esto es producto de la suma de recursos del Gobierno del Estado, del Gobierno Municipal y del Poder Judicial y podemos visibilizar la correcta administraci\u00f3n y aplicaci\u00f3n de los recursos p\u00fablicos\u201d, indic\u00f3.&nbsp;<\/p>\n\n\n\n<p>El magistrado Pinacho S\u00e1nchez indic\u00f3 que&nbsp;la eficiencia del acceso a la justicia no solo depende de que existan m\u00e1s tribunales,&nbsp;sino tambi\u00e9n de la disposici\u00f3n de espacios adecuados, dignos para las y los trabajadores, pero sobre para los usuarios quienes merecen una atenci\u00f3n decorosa y decente. \u201cEran lamentables las condiciones anteriores, por ello, nos esforzamos en esta nueva obra\u201d, dijo.&nbsp;<\/p>\n\n\n\n<p>Mencion\u00f3 que en su administraci\u00f3n ha sido una prioridad la dignificaci\u00f3n de los espacios judiciales y la incorporaci\u00f3n de la infraestructura tecnol\u00f3gica que permita capitalizar y aprovechar los grandes beneficios que tienen estos sistemas y se fortalezcan las actividades de los \u00f3rganos jurisdiccionales.&nbsp;<\/p>\n\n\n\n<p>En el marco&nbsp;del evento, las autoridades&nbsp;cortaron el list\u00f3n inaugural y develaron la&nbsp;placa conmemorativa.<\/p>\n","protected":false},"excerpt":{"rendered":"<p>Redacci\u00f3n\/Zona Roja. Oaxaca de Ju\u00e1rez, Oax., a 13 de noviembre de 2023.- Para&nbsp;optimizar&nbsp;y dignificar&nbsp;la atenci\u00f3n&nbsp;a&hellip;<\/p>\n","protected":false},"author":2,"featured_media":62037,"comment_status":"closed","ping_status":"open","sticky":false,"template":"","format":"standard","meta":{"_lmt_disableupdate":"","_lmt_disable":"","_jetpack_memberships_contains_paid_content":false,"footnotes":""},"categories":[109,46],"tags":[223],"class_list":["post-62036","post","type-post","status-publish","format-standard","has-post-thumbnail","hentry","category-minuto-a-minuto","category-zona-blanca","tag-poder-judicial-de-oaxaca"],"jetpack_featured_media_url":"https:\/\/zonaroja.com.mx\/wp-content\/uploads\/2023\/11\/Poder-Judicial-juzgados-Tehuantepec.jpg","jetpack_sharing_enabled":true,"_links":{"self":[{"href":"https:\/\/zonaroja.com.mx\/index.php?rest_route=\/wp\/v2\/posts\/62036","targetHints":{"allow":["GET"]}}],"collection":[{"href":"https:\/\/zonaroja.com.mx\/index.php?rest_route=\/wp\/v2\/posts"}],"about":[{"href":"https:\/\/zonaroja.com.mx\/index.php?rest_route=\/wp\/v2\/types\/post"}],"author":[{"embeddable":true,"href":"https:\/\/zonaroja.com.mx\/index.php?rest_route=\/wp\/v2\/users\/2"}],"replies":[{"embeddable":true,"href":"https:\/\/zonaroja.com.mx\/index.php?rest_route=%2Fwp%2Fv2%2Fcomments&post=62036"}],"version-history":[{"count":1,"href":"https:\/\/zonaroja.com.mx\/index.php?rest_route=\/wp\/v2\/posts\/62036\/revisions"}],"predecessor-version":[{"id":62038,"href":"https:\/\/zonaroja.com.mx\/index.php?rest_route=\/wp\/v2\/posts\/62036\/revisions\/62038"}],"wp:featuredmedia":[{"embeddable":true,"href":"https:\/\/zonaroja.com.mx\/index.php?rest_route=\/wp\/v2\/media\/62037"}],"wp:attachment":[{"href":"https:\/\/zonaroja.com.mx\/index.php?rest_route=%2Fwp%2Fv2%2Fmedia&parent=62036"}],"wp:term":[{"taxonomy":"category","embeddable":true,"href":"https:\/\/zonaroja.com.mx\/index.php?rest_route=%2Fwp%2Fv2%2Fcategories&post=62036"},{"taxonomy":"post_tag","embeddable":true,"href":"https:\/\/zonaroja.com.mx\/index.php?rest_route=%2Fwp%2Fv2%2Ftags&post=62036"}],"curies":[{"name":"wp","href":"https:\/\/api.w.org\/{rel}","templated":true}]}}