{"id":62039,"date":"2023-11-13T21:52:00","date_gmt":"2023-11-14T03:52:00","guid":{"rendered":"http:\/\/www.zonaroja.com.mx\/?p=62039"},"modified":"2023-11-13T21:52:02","modified_gmt":"2023-11-14T03:52:02","slug":"opta-congreso-de-oaxaca-por-elegir-a-dos-varones-para-organos-de-gobierno","status":"publish","type":"post","link":"https:\/\/zonaroja.com.mx\/?p=62039","title":{"rendered":"Opta Congreso de Oaxaca por elegir a dos varones para \u00f3rganos de gobierno"},"content":{"rendered":"\n<p>Redacci\u00f3n\/Zona Roja.<\/p>\n\n\n\n<p>Oaxaca de Ju\u00e1rez, Oax., a 13 de noviembre de 2023.- Contrario al discurso de paridad de g\u00e9nero que ha promovido, el Congreso del Estado opt\u00f3 por elegir a dos varones para presidir los dos \u00f3rganos de gobierno, para el tercer a\u00f1o de ejercicio legal.<\/p>\n\n\n\n<p>Este lunes en sesi\u00f3n extraordinaria, fue dado a conocer al pleno la nueva integraci\u00f3n de la Junta de Coordinaci\u00f3n Pol\u00edtica (Jucopo), con Sergio L\u00f3pez S\u00e1nchez como coordinador de la bancada de Morena.<\/p>\n\n\n\n<p>En consecuencia, asume la presidencia de la Jucopo, por ser la fracci\u00f3n parlamentaria mayoritaria; inicialmente se hab\u00eda mencionado a Nancy Ben\u00edtez como titular de ese \u00f3rgano, pero fue designada vicecoordinadora de los legisladores morenistas.<\/p>\n\n\n\n<p>En tanto, la Mesa Directiva fue electa con 36 votos de igual n\u00famero de asistentes a la asamblea plenaria y cuya presidencia recay\u00f3 en Samuel Gurri\u00f3n Mat\u00edas, del Partido Verde Ecologista de M\u00e9xico.<\/p>\n\n\n\n<p>Adem\u00e1s, como vicepresidenta la diputada Juana Aguilar Espinoza (Morena); y como secretarias Rosalinda L\u00f3pez Garc\u00eda (Morena), Lizbeth Anaid Concha Ojeda (PRI) y Minerva Leonor L\u00f3pez Calder\u00f3n (PRD).&nbsp;<\/p>\n\n\n\n<p>Los nuevos integrantes de la Mesa Directiva rindieron protesta del cargo que entrar\u00e1 en funciones a partir del 15 de noviembre de 2023 para el tercer a\u00f1o de ejercicio legal de la 65 Legislatura local.&nbsp;<\/p>\n\n\n\n<p>Ser\u00e1 el mi\u00e9rcoles 15 de noviembre en que inicie formalmente el periodo ordinario de sesiones y con ello la recepci\u00f3n del primer informe del gobernador Salom\u00f3n Jara Cruz.<\/p>\n\n\n\n<p>En el a\u00f1o anterior, presidieron la Mesa Directiva M\u00edriam de los \u00c1ngeles V\u00e1squez, del PT, y Luis Alfonso Silva Romo, de Morena.<\/p>\n","protected":false},"excerpt":{"rendered":"<p>Redacci\u00f3n\/Zona Roja. Oaxaca de Ju\u00e1rez, Oax., a 13 de noviembre de 2023.- Contrario al discurso&hellip;<\/p>\n","protected":false},"author":2,"featured_media":62040,"comment_status":"closed","ping_status":"open","sticky":false,"template":"","format":"standard","meta":{"_lmt_disableupdate":"","_lmt_disable":"","_jetpack_memberships_contains_paid_content":false,"footnotes":""},"categories":[109,47],"tags":[2743],"class_list":["post-62039","post","type-post","status-publish","format-standard","has-post-thumbnail","hentry","category-minuto-a-minuto","category-zona-gris","tag-65-legislatura-del-estado-de-oaxaca"],"jetpack_featured_media_url":"https:\/\/zonaroja.com.mx\/wp-content\/uploads\/2023\/11\/Mesa-Directiva-Congreso-de-Oaxaca.jpg","jetpack_sharing_enabled":true,"_links":{"self":[{"href":"https:\/\/zonaroja.com.mx\/index.php?rest_route=\/wp\/v2\/posts\/62039","targetHints":{"allow":["GET"]}}],"collection":[{"href":"https:\/\/zonaroja.com.mx\/index.php?rest_route=\/wp\/v2\/posts"}],"about":[{"href":"https:\/\/zonaroja.com.mx\/index.php?rest_route=\/wp\/v2\/types\/post"}],"author":[{"embeddable":true,"href":"https:\/\/zonaroja.com.mx\/index.php?rest_route=\/wp\/v2\/users\/2"}],"replies":[{"embeddable":true,"href":"https:\/\/zonaroja.com.mx\/index.php?rest_route=%2Fwp%2Fv2%2Fcomments&post=62039"}],"version-history":[{"count":1,"href":"https:\/\/zonaroja.com.mx\/index.php?rest_route=\/wp\/v2\/posts\/62039\/revisions"}],"predecessor-version":[{"id":62041,"href":"https:\/\/zonaroja.com.mx\/index.php?rest_route=\/wp\/v2\/posts\/62039\/revisions\/62041"}],"wp:featuredmedia":[{"embeddable":true,"href":"https:\/\/zonaroja.com.mx\/index.php?rest_route=\/wp\/v2\/media\/62040"}],"wp:attachment":[{"href":"https:\/\/zonaroja.com.mx\/index.php?rest_route=%2Fwp%2Fv2%2Fmedia&parent=62039"}],"wp:term":[{"taxonomy":"category","embeddable":true,"href":"https:\/\/zonaroja.com.mx\/index.php?rest_route=%2Fwp%2Fv2%2Fcategories&post=62039"},{"taxonomy":"post_tag","embeddable":true,"href":"https:\/\/zonaroja.com.mx\/index.php?rest_route=%2Fwp%2Fv2%2Ftags&post=62039"}],"curies":[{"name":"wp","href":"https:\/\/api.w.org\/{rel}","templated":true}]}}