{"id":62042,"date":"2023-11-13T22:01:21","date_gmt":"2023-11-14T04:01:21","guid":{"rendered":"http:\/\/www.zonaroja.com.mx\/?p=62042"},"modified":"2023-11-13T22:01:24","modified_gmt":"2023-11-14T04:01:24","slug":"y-ebrard-sumiso-dice-que-no-se-ira-de-morena-tampoco-sera-candidato-presidencial","status":"publish","type":"post","link":"https:\/\/zonaroja.com.mx\/?p=62042","title":{"rendered":"Y Ebrard sumiso, dice que no se ir\u00e1 de Morena; tampoco ser\u00e1 candidato presidencial"},"content":{"rendered":"\n<p>Redacci\u00f3n\/Zona Roja Cdmx.<\/p>\n\n\n\n<p>Ciudad de M\u00e9xico, a 13 de noviembre de 2023.- Marcelo Ebrard demostr\u00f3 madurez al decidir permanecer en Morena, a pesar de no haber sido electo como candidato para 2024, dijo este 13 de noviembre el presidente Andr\u00e9s Manuel L\u00f3pez Obrador.<\/p>\n\n\n\n<p>El mandatario habl\u00f3 con medios de comunicaci\u00f3n despu\u00e9s de un encuentro con autoridades tradicionales del pueblo Yaqui, en Sonora.<\/p>\n\n\n\n<p>\u201cMuy bien, lo felicito, le mando un abrazo a Marcelo. Estoy contento con la decisi\u00f3n que tom\u00f3, es unidad. Es mucha madurez y pensar que lo m\u00e1s importante es que contin\u00fae la transformaci\u00f3n\u201d, declar\u00f3.<\/p>\n\n\n\n<p>M\u00e1s temprano, el excanciller revel\u00f3 que seguir\u00e1 en Morena, esto a pesar de que la Comisi\u00f3n de Honestidad y Justicia del partido rechaz\u00f3 su propuesta de repetir la encuesta para elegir a la \u2018corcholata\u2019 presidencial.<\/p>\n\n\n\n<p>Sin embargo, la Comisi\u00f3n s\u00ed admiti\u00f3 que el proceso tuvo irregularidades y asegur\u00f3 que iniciar\u00e1 \u201cprocesos sancionadores\u201d contra los presuntos responsables.<\/p>\n\n\n\n<p>\u201cLo que es importante es ayudar a trabajar para el pueblo y defender la naci\u00f3n\u201d, remarc\u00f3 L\u00f3pez Obrador.<\/p>\n\n\n\n<p>En su conferencia del 9 de noviembre, el presidente se pronunci\u00f3 porque el&nbsp; excanciller apelara a la unidad dentro del partido, y extern\u00f3 que siempre lo hab\u00eda considerado una persona \u201cinteligente\u201d.<\/p>\n\n\n\n<p>\u201cOjal\u00e1 y se d\u00e9 la unidad pensando en el proyecto. Si no se piensa en el pueblo, si no se piensa en la naci\u00f3n, no sirve de nada un pol\u00edtico, no es m\u00e1s que un oportunista, un convenenciero, un ambicioso vulgar. Quien no tiene ideales, quien no piensa en el pueblo, quien no piensa en la naci\u00f3n, es un politiquero, un arribista, un \u2018grillo\u2019, no puede llamarse pol\u00edtico\u201d, expres\u00f3 en su \u2018ma\u00f1anera\u2019.<\/p>\n\n\n\n<p>(Informaci\u00f3n de \u00abEl Financiero\u00bb)<\/p>\n\n\n\n<p><\/p>\n","protected":false},"excerpt":{"rendered":"<p>Redacci\u00f3n\/Zona Roja Cdmx. Ciudad de M\u00e9xico, a 13 de noviembre de 2023.- Marcelo Ebrard demostr\u00f3&hellip;<\/p>\n","protected":false},"author":2,"featured_media":62043,"comment_status":"closed","ping_status":"open","sticky":false,"template":"","format":"standard","meta":{"_lmt_disableupdate":"","_lmt_disable":"","_jetpack_memberships_contains_paid_content":false,"footnotes":""},"categories":[109,47],"tags":[889],"class_list":["post-62042","post","type-post","status-publish","format-standard","has-post-thumbnail","hentry","category-minuto-a-minuto","category-zona-gris","tag-marcelo-ebrard"],"jetpack_featured_media_url":"https:\/\/zonaroja.com.mx\/wp-content\/uploads\/2023\/11\/Marcelo-Ebrard-y-Lopez-Obrador.jpeg","jetpack_sharing_enabled":true,"_links":{"self":[{"href":"https:\/\/zonaroja.com.mx\/index.php?rest_route=\/wp\/v2\/posts\/62042","targetHints":{"allow":["GET"]}}],"collection":[{"href":"https:\/\/zonaroja.com.mx\/index.php?rest_route=\/wp\/v2\/posts"}],"about":[{"href":"https:\/\/zonaroja.com.mx\/index.php?rest_route=\/wp\/v2\/types\/post"}],"author":[{"embeddable":true,"href":"https:\/\/zonaroja.com.mx\/index.php?rest_route=\/wp\/v2\/users\/2"}],"replies":[{"embeddable":true,"href":"https:\/\/zonaroja.com.mx\/index.php?rest_route=%2Fwp%2Fv2%2Fcomments&post=62042"}],"version-history":[{"count":1,"href":"https:\/\/zonaroja.com.mx\/index.php?rest_route=\/wp\/v2\/posts\/62042\/revisions"}],"predecessor-version":[{"id":62044,"href":"https:\/\/zonaroja.com.mx\/index.php?rest_route=\/wp\/v2\/posts\/62042\/revisions\/62044"}],"wp:featuredmedia":[{"embeddable":true,"href":"https:\/\/zonaroja.com.mx\/index.php?rest_route=\/wp\/v2\/media\/62043"}],"wp:attachment":[{"href":"https:\/\/zonaroja.com.mx\/index.php?rest_route=%2Fwp%2Fv2%2Fmedia&parent=62042"}],"wp:term":[{"taxonomy":"category","embeddable":true,"href":"https:\/\/zonaroja.com.mx\/index.php?rest_route=%2Fwp%2Fv2%2Fcategories&post=62042"},{"taxonomy":"post_tag","embeddable":true,"href":"https:\/\/zonaroja.com.mx\/index.php?rest_route=%2Fwp%2Fv2%2Ftags&post=62042"}],"curies":[{"name":"wp","href":"https:\/\/api.w.org\/{rel}","templated":true}]}}