{"id":62045,"date":"2023-11-14T07:10:27","date_gmt":"2023-11-14T13:10:27","guid":{"rendered":"http:\/\/www.zonaroja.com.mx\/?p=62045"},"modified":"2023-11-14T07:10:28","modified_gmt":"2023-11-14T13:10:28","slug":"otis-deja-al-menos-350-muertos-en-guerrero-segun-funerarias","status":"publish","type":"post","link":"https:\/\/zonaroja.com.mx\/?p=62045","title":{"rendered":"\u201cOtis\u201d deja al menos 350 muertos en Guerrero, seg\u00fan funerarias"},"content":{"rendered":"\n<p>Redacci\u00f3n\/Zona Roja Cdmx.<\/p>\n\n\n\n<p>Ciudad de M\u00e9xico, a 14 de noviembre de 2023.- Al menos 350 personas fallecieron por el impacto del hurac\u00e1n \u201cOtis\u201d, en Gueerero, se\u00f1alaron funerarias del puerto de Acapulco, cifra que contradice el reporte oficial del gobierno del presidente Andr\u00e9s Manuel L\u00f3pez Obrador, quien ha minimizado el n\u00famero de v\u00edctimas a 48 muertos.<\/p>\n\n\n\n<p>As\u00ed lo dijo Ricardo Castillo D\u00edaz, director de la agencia de noticias Quadrat\u00edn Guerrero, al ofrecer su testimonio como afectado del hurac\u00e1n, durante el programa de Jos\u00e9 C\u00e1rdenas en el estudio de Grupo F\u00f3rmula, en Ciudad de M\u00e9xico.<\/p>\n\n\n\n<p>\u201cNosotros hemos reporteado que en todas las funerarias de Acapulco, por lo menos debe de haber 350 muertos de quienes s\u00ed lograron recoger los cuerpos de sus familiares, de sus seres queridos. Adicionalmente hay mucha gente desaparecida, de manera que esa cifra (de L\u00f3pez Obrador) de los muertos tampoco corresponde con la realidad\u201d, expuso.<\/p>\n\n\n\n<p>Se\u00f1al\u00f3 que el gobierno federal no ha dado a conocer una lista oficial de muertos ni desaparecidos con nombre y apellido \u201ccomo ocurre en cada tragedia de este tipo, sobre todo para que la gente ayude a buscar a estos familiares; pues, bueno, tambi\u00e9n todo eso no lo conocemos y nosotros estamos convencidos de que la cifra oficial que ha dado a conocer el Presidente de la Rep\u00fablica sobre los muertos, es muy corta para la magnitud de la tragedia\u201d.<\/p>\n\n\n\n<p>Ante la falta de atenci\u00f3n m\u00e9dica posterior a la tragedia, Castillo D\u00edaz dijo que \u201chay gente que est\u00e1 muriendo, incluso yo tengo un testimonio muy cercano de unas amistades, de una persona que requer\u00eda atenci\u00f3n m\u00e9dica, que no la pudo tener en el hospital y que lamentablemente muri\u00f3\u201d.<\/p>\n\n\n\n<p>Antes, el periodista narr\u00f3 su experiencia durante la noche del 24 de octubre, d\u00eda en que lo perdi\u00f3 todo por el impacto del hurac\u00e1n, desde su casa, desde ventanas, puertas, sala, colchones, objetos personales y documentos. Indic\u00f3 que fue algo inesperado ya que no llov\u00eda tan fuerte y de pronto comenz\u00f3 el viento como una especie de licuadora y a revolver todo lo que hab\u00eda alrededor.<\/p>\n\n\n\n<p>\u201cDespu\u00e9s de dos o incluso tres horas que no cesaba aquello, nos comenzaron a caer objetos del edificio donde est\u00e1bamos, escuch\u00e1bamos una lluvia intensa de proyectiles y el peor momento fue cuando el edificio se empez\u00f3 a mover, ah\u00ed fue cuando yo en lo personal pens\u00e9 que no la \u00edbamos a librar\u201d, record\u00f3.<\/p>\n\n\n\n<p>Dijo que todos los trabajadores de la agencia de noticias tambi\u00e9n resultaron afectados y que pasaron hasta tres d\u00edas para tener contacto con todos. \u201cNo supimos qu\u00e9 estaba pasando hasta que comenzamos a buscarnos ya caminando largas distancias para saber de nosotros\u201d, explic\u00f3.<\/p>\n\n\n\n<p>Indic\u00f3 que a m\u00e1s de dos semanas del hurac\u00e1n todav\u00eda no hay luz ni agua y algunos tienen dificultad para encontrar comida en el puerto. Dijo que hay mucha indignaci\u00f3n ante la decisi\u00f3n del gobierno federal de decretar el fin de la emergencia y consider\u00f3 que \u00e9sta se encuentra en su momento m\u00e1s cr\u00edtico por la escasez de alimentos y por la cantidad de basura que hay en todas las colonias.<\/p>\n\n\n\n<p>(Informaci\u00f3n de Quadrat\u00edn en \u201cEl Financiero\u201d)<\/p>\n","protected":false},"excerpt":{"rendered":"<p>Redacci\u00f3n\/Zona Roja Cdmx. Ciudad de M\u00e9xico, a 14 de noviembre de 2023.- Al menos 350&hellip;<\/p>\n","protected":false},"author":2,"featured_media":61461,"comment_status":"closed","ping_status":"open","sticky":false,"template":"","format":"standard","meta":{"_lmt_disableupdate":"","_lmt_disable":"","_jetpack_memberships_contains_paid_content":false,"footnotes":""},"categories":[109,47],"tags":[3713],"class_list":["post-62045","post","type-post","status-publish","format-standard","has-post-thumbnail","hentry","category-minuto-a-minuto","category-zona-gris","tag-huracan-otis"],"jetpack_featured_media_url":"https:\/\/zonaroja.com.mx\/wp-content\/uploads\/2023\/10\/Muerto-Acapulco-Otis-Guerrero.jpeg","jetpack_sharing_enabled":true,"_links":{"self":[{"href":"https:\/\/zonaroja.com.mx\/index.php?rest_route=\/wp\/v2\/posts\/62045","targetHints":{"allow":["GET"]}}],"collection":[{"href":"https:\/\/zonaroja.com.mx\/index.php?rest_route=\/wp\/v2\/posts"}],"about":[{"href":"https:\/\/zonaroja.com.mx\/index.php?rest_route=\/wp\/v2\/types\/post"}],"author":[{"embeddable":true,"href":"https:\/\/zonaroja.com.mx\/index.php?rest_route=\/wp\/v2\/users\/2"}],"replies":[{"embeddable":true,"href":"https:\/\/zonaroja.com.mx\/index.php?rest_route=%2Fwp%2Fv2%2Fcomments&post=62045"}],"version-history":[{"count":1,"href":"https:\/\/zonaroja.com.mx\/index.php?rest_route=\/wp\/v2\/posts\/62045\/revisions"}],"predecessor-version":[{"id":62046,"href":"https:\/\/zonaroja.com.mx\/index.php?rest_route=\/wp\/v2\/posts\/62045\/revisions\/62046"}],"wp:featuredmedia":[{"embeddable":true,"href":"https:\/\/zonaroja.com.mx\/index.php?rest_route=\/wp\/v2\/media\/61461"}],"wp:attachment":[{"href":"https:\/\/zonaroja.com.mx\/index.php?rest_route=%2Fwp%2Fv2%2Fmedia&parent=62045"}],"wp:term":[{"taxonomy":"category","embeddable":true,"href":"https:\/\/zonaroja.com.mx\/index.php?rest_route=%2Fwp%2Fv2%2Fcategories&post=62045"},{"taxonomy":"post_tag","embeddable":true,"href":"https:\/\/zonaroja.com.mx\/index.php?rest_route=%2Fwp%2Fv2%2Ftags&post=62045"}],"curies":[{"name":"wp","href":"https:\/\/api.w.org\/{rel}","templated":true}]}}