{"id":62047,"date":"2023-11-14T08:30:00","date_gmt":"2023-11-14T14:30:00","guid":{"rendered":"http:\/\/www.zonaroja.com.mx\/?p=62047"},"modified":"2023-11-14T08:02:59","modified_gmt":"2023-11-14T14:02:59","slug":"confirman-el-asesinato-de-un-joven-en-huajuapan-y-dos-heridos","status":"publish","type":"post","link":"https:\/\/zonaroja.com.mx\/?p=62047","title":{"rendered":"Confirman el asesinato de un joven en Huajuapan y dos heridos"},"content":{"rendered":"\n<p>Redacci\u00f3n\/Zona Roja.<\/p>\n\n\n\n<p>Oaxaca de Ju\u00e1rez, Oax., a 14 de noviembre de 2023.- Un ataque a balazos en Huajuapan de Le\u00f3n, municipio de la regi\u00f3n Mixteca de Oaxaca, dej\u00f3 como saldo una persona del sexo masculino fallecida y dos lesionadas, entre ellas una adolescente.<\/p>\n\n\n\n<p>La agresi\u00f3n ocurri\u00f3 ayer poco despu\u00e9s de las 14:00 horas de ayer lunes en la esquina de las calles R\u00edo Nilo con R\u00edo Salado, de la colonia Santa Cruz, donde adem\u00e1s se qued\u00f3 una motocicleta tirada, presumiblemente de la v\u00edctima.<\/p>\n\n\n\n<p>Fueron sujetos armados al parecer a bordo de un veh\u00edculo, quienes dispararon en contra las tres personas, dos de las cuales, una adolescente de 15 a\u00f1os de edad y un adulto de 45 a\u00f1os, fueron trasladados a un hospital.<\/p>\n\n\n\n<p>Mientras que en el lugar qued\u00f3 una v\u00edctima fatal, a\u00fan no identificada, de aproximadamente 25 a\u00f1os de edad.<\/p>\n\n\n\n<p>En la zona no hab\u00eda polic\u00edas municipales, por lo cual los presuntos agresores pudieron huir y hasta el momento no han sido localizados. La Vicefiscal\u00eda Regional de la Mixteca inici\u00f3 las indagatorias correspondientes.<\/p>\n\n\n\n<p>EN TLAXIACO<\/p>\n\n\n\n<p>Por otra parte, en la Heroica Ciudad de Tlaxiaco la inseguridad crece y la madrugada de hoy sujetos armados dispararon en contra de un establecimiento comercial, ubicado en el centro de ese municipio de la regi\u00f3n Mixteca.<\/p>\n\n\n\n<p>Integrantes de un grupo delictivo arribaron al sitio y dispararon al aire, tras lo cual huyeron; en el techo quedaron varios impactos de arma de fuego. Hasta el momento se desconocen las razones de la agresi\u00f3n y el responsable del local opt\u00f3 por evitar dar mayor informaci\u00f3n, para evitar represalias.<\/p>\n","protected":false},"excerpt":{"rendered":"<p>Redacci\u00f3n\/Zona Roja. Oaxaca de Ju\u00e1rez, Oax., a 14 de noviembre de 2023.- Un ataque a&hellip;<\/p>\n","protected":false},"author":2,"featured_media":62048,"comment_status":"closed","ping_status":"open","sticky":false,"template":"","format":"standard","meta":{"_lmt_disableupdate":"","_lmt_disable":"","_jetpack_memberships_contains_paid_content":false,"footnotes":""},"categories":[109,51],"tags":[594],"class_list":["post-62047","post","type-post","status-publish","format-standard","has-post-thumbnail","hentry","category-minuto-a-minuto","category-zona-roja","tag-huajuapan-de-leon"],"jetpack_featured_media_url":"https:\/\/zonaroja.com.mx\/wp-content\/uploads\/2023\/11\/Asesinado-Huajuapan-de-Leon.png","jetpack_sharing_enabled":true,"_links":{"self":[{"href":"https:\/\/zonaroja.com.mx\/index.php?rest_route=\/wp\/v2\/posts\/62047","targetHints":{"allow":["GET"]}}],"collection":[{"href":"https:\/\/zonaroja.com.mx\/index.php?rest_route=\/wp\/v2\/posts"}],"about":[{"href":"https:\/\/zonaroja.com.mx\/index.php?rest_route=\/wp\/v2\/types\/post"}],"author":[{"embeddable":true,"href":"https:\/\/zonaroja.com.mx\/index.php?rest_route=\/wp\/v2\/users\/2"}],"replies":[{"embeddable":true,"href":"https:\/\/zonaroja.com.mx\/index.php?rest_route=%2Fwp%2Fv2%2Fcomments&post=62047"}],"version-history":[{"count":2,"href":"https:\/\/zonaroja.com.mx\/index.php?rest_route=\/wp\/v2\/posts\/62047\/revisions"}],"predecessor-version":[{"id":62068,"href":"https:\/\/zonaroja.com.mx\/index.php?rest_route=\/wp\/v2\/posts\/62047\/revisions\/62068"}],"wp:featuredmedia":[{"embeddable":true,"href":"https:\/\/zonaroja.com.mx\/index.php?rest_route=\/wp\/v2\/media\/62048"}],"wp:attachment":[{"href":"https:\/\/zonaroja.com.mx\/index.php?rest_route=%2Fwp%2Fv2%2Fmedia&parent=62047"}],"wp:term":[{"taxonomy":"category","embeddable":true,"href":"https:\/\/zonaroja.com.mx\/index.php?rest_route=%2Fwp%2Fv2%2Fcategories&post=62047"},{"taxonomy":"post_tag","embeddable":true,"href":"https:\/\/zonaroja.com.mx\/index.php?rest_route=%2Fwp%2Fv2%2Ftags&post=62047"}],"curies":[{"name":"wp","href":"https:\/\/api.w.org\/{rel}","templated":true}]}}