{"id":62055,"date":"2023-11-14T09:30:00","date_gmt":"2023-11-14T15:30:00","guid":{"rendered":"http:\/\/www.zonaroja.com.mx\/?p=62055"},"modified":"2023-11-14T07:19:46","modified_gmt":"2023-11-14T13:19:46","slug":"denuncia-seccion-22-falta-de-respeto-y-de-compromiso-de-segob-los-dejo-plantados","status":"publish","type":"post","link":"https:\/\/zonaroja.com.mx\/?p=62055","title":{"rendered":"Denuncia Secci\u00f3n 22 falta de respeto y de compromiso de Segob; los dej\u00f3 \u201cplantados\u201d"},"content":{"rendered":"\n<p>Yuridiana Sosa\/Zona Roja.&nbsp;<\/p>\n\n\n\n<p>Oaxaca de Ju\u00e1rez, Oax., a 14 de noviembre de 2023.- El Comit\u00e9 Ejecutivo de la Secci\u00f3n 22 del Sindicato Nacional de Trabajadores de la Educaci\u00f3n (SNTE) conden\u00f3 la suspensi\u00f3n de la mesa de di\u00e1logo con el gobierno federal, por lo que en exigencia a que cumpla seguir\u00e1n con movilizaciones.&nbsp;<\/p>\n\n\n\n<p>Acompa\u00f1ada de otras dirigencias de secciones adheridas a la Coordinadora Nacional de Trabajadores de la Educaci\u00f3n (CNTE), la secretaria general de la gremial de Oaxaca, Yenny&nbsp;Aracely P\u00e9rez Mart\u00ednez, asever\u00f3 que el gobierno de Andr\u00e9 Manuel L\u00f3pez Obrador cometi\u00f3 una falta de compromiso y de respeto a los 43 a\u00f1os de lucha magisterial.&nbsp;<\/p>\n\n\n\n<p>La dirigente oaxaque\u00f1a indic\u00f3 que desde hace un mes se program\u00f3 la reuni\u00f3n para este 13 de noviembre, sin embargo, esta se cambi\u00f3 para el 16 e noviembre, por supuesto compromiso que ya ten\u00eda la secretaria de Gobernaci\u00f3n, Luisa Alcalde.<\/p>\n\n\n\n<p>Puntualiz\u00f3 que en diversas movilizaciones han exigido la reinstalaci\u00f3n de la mesa de di\u00e1logo con la Comisi\u00f3n Nacional \u00danica de negociaci\u00f3n con la CNTE, pero no hay compromiso del gobierno de L\u00f3pez Obrador.&nbsp;<\/p>\n\n\n\n<p>En la mesa demandan la presencia de la secretaria de Gobierno, Luisa Mar\u00eda Alcalde, la titular de la Secretar\u00eda de Educaci\u00f3n P\u00fablica (SEP), Leticia Ram\u00edrez Amaya, del director general del ISSSTE, Pedro Zenteno Santaella y del mismo mandatario federal. &nbsp;<\/p>\n\n\n\n<p>Representantes de las secciones 9, 10, 14, 18, 40, 60 de la CNTE -de Guerrero, Michoac\u00e1n, Chiapas, Ciudad de M\u00e9xico, entre otros -coincidieron en la urgente necesidad para dar soluci\u00f3n a la Ley del ISSSTE, principalmente para apoyar a los jubilados.&nbsp;<\/p>\n\n\n\n<p>A casi un a\u00f1o de finalizar el sexenio, el magisterio del pa\u00eds a\u00fan no ve en qu\u00e9 consiste la cuarta transformaci\u00f3n, y tampoco hay voluntad pol\u00edtica para atender sus demandas. \u201cExigimos justicia, no privilegios\u201d, se\u00f1alaron. &nbsp;<\/p>\n\n\n\n<p>Las secciones emplazaron al gobierno de M\u00e9xico a cumplir con la mesa de negociaci\u00f3n o se reservan el derecho a la movilizaci\u00f3n.<\/p>\n\n\n\n<p>Yenny Aracely P\u00e9rez inform\u00f3 que esta misma semana se reunir\u00e1 la Comisi\u00f3n Pol\u00edtica de la Secci\u00f3n 22 para definir acciones a seguir, mismas que ser\u00e1n consultadas, y en su caso aprobadas, en la Asamblea Estatal, que se realizar\u00e1 el pr\u00f3ximo s\u00e1bado.<\/p>\n","protected":false},"excerpt":{"rendered":"<p>Yuridiana Sosa\/Zona Roja.&nbsp; Oaxaca de Ju\u00e1rez, Oax., a 14 de noviembre de 2023.- El Comit\u00e9&hellip;<\/p>\n","protected":false},"author":2,"featured_media":62052,"comment_status":"closed","ping_status":"open","sticky":false,"template":"","format":"standard","meta":{"_lmt_disableupdate":"","_lmt_disable":"","_jetpack_memberships_contains_paid_content":false,"footnotes":""},"categories":[109,47],"tags":[312],"class_list":["post-62055","post","type-post","status-publish","format-standard","has-post-thumbnail","hentry","category-minuto-a-minuto","category-zona-gris","tag-seccion-22-del-snte"],"jetpack_featured_media_url":"https:\/\/zonaroja.com.mx\/wp-content\/uploads\/2023\/11\/Marcha-Seccion-22-SNTe-Cdmx.jpeg","jetpack_sharing_enabled":true,"_links":{"self":[{"href":"https:\/\/zonaroja.com.mx\/index.php?rest_route=\/wp\/v2\/posts\/62055","targetHints":{"allow":["GET"]}}],"collection":[{"href":"https:\/\/zonaroja.com.mx\/index.php?rest_route=\/wp\/v2\/posts"}],"about":[{"href":"https:\/\/zonaroja.com.mx\/index.php?rest_route=\/wp\/v2\/types\/post"}],"author":[{"embeddable":true,"href":"https:\/\/zonaroja.com.mx\/index.php?rest_route=\/wp\/v2\/users\/2"}],"replies":[{"embeddable":true,"href":"https:\/\/zonaroja.com.mx\/index.php?rest_route=%2Fwp%2Fv2%2Fcomments&post=62055"}],"version-history":[{"count":1,"href":"https:\/\/zonaroja.com.mx\/index.php?rest_route=\/wp\/v2\/posts\/62055\/revisions"}],"predecessor-version":[{"id":62056,"href":"https:\/\/zonaroja.com.mx\/index.php?rest_route=\/wp\/v2\/posts\/62055\/revisions\/62056"}],"wp:featuredmedia":[{"embeddable":true,"href":"https:\/\/zonaroja.com.mx\/index.php?rest_route=\/wp\/v2\/media\/62052"}],"wp:attachment":[{"href":"https:\/\/zonaroja.com.mx\/index.php?rest_route=%2Fwp%2Fv2%2Fmedia&parent=62055"}],"wp:term":[{"taxonomy":"category","embeddable":true,"href":"https:\/\/zonaroja.com.mx\/index.php?rest_route=%2Fwp%2Fv2%2Fcategories&post=62055"},{"taxonomy":"post_tag","embeddable":true,"href":"https:\/\/zonaroja.com.mx\/index.php?rest_route=%2Fwp%2Fv2%2Ftags&post=62055"}],"curies":[{"name":"wp","href":"https:\/\/api.w.org\/{rel}","templated":true}]}}