{"id":62062,"date":"2023-11-14T13:30:00","date_gmt":"2023-11-14T19:30:00","guid":{"rendered":"http:\/\/www.zonaroja.com.mx\/?p=62062"},"modified":"2023-11-14T07:44:50","modified_gmt":"2023-11-14T13:44:50","slug":"cumple-gobierno-federal-con-yaquis-registra-80-avance-de-plan-de-justicia","status":"publish","type":"post","link":"https:\/\/zonaroja.com.mx\/?p=62062","title":{"rendered":"Cumple gobierno federal con yaquis; registra 80% avance de Plan de Justicia"},"content":{"rendered":"\n<p>Redacci\u00f3n\/Zona Roja Cdmx.<\/p>\n\n\n\n<p>Ciudad de M\u00e9xico, a 14 de noviembre de 2023.- \u201cVamos a seguir luchando por la justicia, por la democracia, por la libertad y por la soberan\u00eda de nuestra gran naci\u00f3n; por M\u00e9xico, por nosotros y por los que vienen detr\u00e1s de nosotros\u201d, afirm\u00f3 el presidente Andr\u00e9s Manuel L\u00f3pez Obrador al encabezar en Hu\u00edrivis, Guaymas, Sonora, la reuni\u00f3n con autoridades tradicionales, donde se report\u00f3 el avance de 80% en las acciones del Plan de Justicia para el Pueblo Yaqui.<\/p>\n\n\n\n<p>Luego de recordar que este gobierno ya restituy\u00f3 32 mil hect\u00e1reas de tierra, el primer mandatario ratific\u00f3 la instrucci\u00f3n de autorizar el presupuesto necesario para completar el compromiso:<\/p>\n\n\n\n<p>\u201cHay voluntad para cumplir, que sigamos restituyendo las tierras a los pueblos yaquis, lo que se tenga que hacer por la v\u00eda legal de recuperaci\u00f3n, de restituci\u00f3n, haciendo valer la resoluci\u00f3n presidencial del general C\u00e1rdenas.\u201d<\/p>\n\n\n\n<p>Hizo un llamado a todos los servidores p\u00fablicos para aplicarse a fondo y avanzar lo m\u00e1s posible porque, aunque existe la certeza de que habr\u00e1 continuidad, es mejor actuar de manera precavida y no confiarse.<\/p>\n\n\n\n<p>Tras recapitular sobre el avance superior a 70 por ciento en el Acueducto Yaqui, inform\u00f3 que en febrero regresar\u00e1 a inaugurarlo porque todas las obras quedar\u00e1n concluidas antes de que finalice la administraci\u00f3n.<\/p>\n\n\n\n<p>Instruy\u00f3 a la Comisi\u00f3n Nacional del Agua (Conagua) a entregar a los pueblos yaquis el manejo del distrito de riego este 1\u00b0 de diciembre, y se comprometi\u00f3 a inaugurarlo el 9 de junio de 2024.<\/p>\n\n\n\n<p>Dijo a los gobernadores tradicionales que sus peticiones se tomar\u00e1n en cuenta a trav\u00e9s del director general del Instituto Nacional de los Pueblos Ind\u00edgenas (INPI), Adelfo Regino Montes, y del gobernador de Sonora, Alfonso Durazo Monta\u00f1o.<\/p>\n\n\n\n<p>\u201cY antes de irme, que me voy a finales de septiembre, vuelvo a estar con ustedes, en septiembre.\u201d<\/p>\n\n\n\n<p>El presidente tambi\u00e9n entreg\u00f3 a las autoridades tradicionales 24 objetos sagrados del Masso Koba, devueltos por el gobierno de Suecia, que se utilizan desde tiempos inmemoriales en la Danza del venado.<\/p>\n\n\n\n<p>El gobierno de M\u00e9xico invierte 15 mil 441 millones de pesos en el Plan de Justicia del Pueblo Yaqui, inform\u00f3 el director general del INPI, Adelfo Regino; 420 millones corresponden al eje de tierra y territorio; 11 mil 860 a derecho al agua y tres mil 161 mdp a bienestar integral.<\/p>\n\n\n\n<p>Hizo un llamado al pueblo yaqui \u201cpara mantener y construir la unidad, la hermandad y la solidaridad, y mediante el di\u00e1logo y la construcci\u00f3n de acuerdos resolver sus leg\u00edtimas demandas de justicia y bienestar\u201d.<\/p>\n\n\n\n<p>Report\u00f3 que el Plan de Justicia para el Pueblo Yaqui registra 80 por ciento de avance global, por lo que gradeci\u00f3 a todas las entidades y dependencias de los gobiernos de M\u00e9xico y Sonora por su trabajo para cumplir los acuerdos y con el compromiso de completarlos en cinco meses.<\/p>\n\n\n\n<p>\u201cSe ha creado la Universidad del Pueblo Yaqui, est\u00e1n funcionando ya tres licenciaturas y una ingenier\u00eda; tenemos 225 estudiantes con inversi\u00f3n de 79 millones de pesos. \u201c<\/p>\n\n\n\n<p>Dijo que con apoyo del IMSS-Bienestar y del gobierno estatal se han construido seis unidades m\u00e9dicas rurales y cinco casas de salud con inversi\u00f3n de 54 millones de pesos, y se cre\u00f3 la radiodifusora La Voz del R\u00edo Yaqui con inversi\u00f3n de 40 millones de pesos, entre otras.<\/p>\n\n\n\n<p>Refiri\u00f3 que en tierra y territorio se registra 75 por ciento de avance en los cuatro acuerdos establecidos en el Plan de Justicia firmado por el presidente el 28 de septiembre de 2021, con la meta de alcanzar la restituci\u00f3n de 51 mil 202 hect\u00e1reas.<\/p>\n\n\n\n<p>Respecto a los acuerdos relativos al derecho al agua, una de las obras de mayor impacto, el canal principal del Distrito de Riego 018 alcanza 90 por ciento de avance; el Acueducto Yaqui supera 70 por ciento.<\/p>\n\n\n\n<p>El presidente estuvo acompa\u00f1ado por integrantes del Gabinete Legal y Ampliado, as\u00ed como gobernadores tradicionales, secretarios, pueblo mayor, comandantes, capitanes y tropa yoreme de los ocho pueblos yaquis: V\u00edcam Pueblo y P\u00f3tam, primera y segunda cabecera; Loma de B\u00e1cum; C\u00f3corit-Loma de Guam\u00fachil; T\u00f3rim; R\u00e1hum; Hu\u00edrivis y Pitaya-Belem.<\/p>\n\n\n\n<p>Los trabajos realizados por el Gobierno de M\u00e9xico a trav\u00e9s del INPI resultaron de gran ayuda para estas gestiones. En diciembre de 2020 se reforzaron las gestiones interinstitucionales para recuperar el Masso Koba y atender las demandas de las autoridades de los ocho pueblos yaquis, que quedaron asentadas el 28 de septiembre de 2021 en el Plan de Justicia del Pueblo Yaqui, firmado por el presidente en V\u00edcam Pueblo.<\/p>\n","protected":false},"excerpt":{"rendered":"<p>Redacci\u00f3n\/Zona Roja Cdmx. Ciudad de M\u00e9xico, a 14 de noviembre de 2023.- \u201cVamos a seguir&hellip;<\/p>\n","protected":false},"author":2,"featured_media":62063,"comment_status":"closed","ping_status":"open","sticky":false,"template":"","format":"standard","meta":{"_lmt_disableupdate":"","_lmt_disable":"","_jetpack_memberships_contains_paid_content":false,"footnotes":""},"categories":[109,46],"tags":[557,3683],"class_list":["post-62062","post","type-post","status-publish","format-standard","has-post-thumbnail","hentry","category-minuto-a-minuto","category-zona-blanca","tag-adelfo-regino-montes","tag-instituto-nacional-de-pueblos-indigenas-inpi"],"jetpack_featured_media_url":"https:\/\/zonaroja.com.mx\/wp-content\/uploads\/2023\/11\/Lopez-Obrador-Adelfo-Regino-INPI-yaquis-Sonora.jpg","jetpack_sharing_enabled":true,"_links":{"self":[{"href":"https:\/\/zonaroja.com.mx\/index.php?rest_route=\/wp\/v2\/posts\/62062","targetHints":{"allow":["GET"]}}],"collection":[{"href":"https:\/\/zonaroja.com.mx\/index.php?rest_route=\/wp\/v2\/posts"}],"about":[{"href":"https:\/\/zonaroja.com.mx\/index.php?rest_route=\/wp\/v2\/types\/post"}],"author":[{"embeddable":true,"href":"https:\/\/zonaroja.com.mx\/index.php?rest_route=\/wp\/v2\/users\/2"}],"replies":[{"embeddable":true,"href":"https:\/\/zonaroja.com.mx\/index.php?rest_route=%2Fwp%2Fv2%2Fcomments&post=62062"}],"version-history":[{"count":1,"href":"https:\/\/zonaroja.com.mx\/index.php?rest_route=\/wp\/v2\/posts\/62062\/revisions"}],"predecessor-version":[{"id":62064,"href":"https:\/\/zonaroja.com.mx\/index.php?rest_route=\/wp\/v2\/posts\/62062\/revisions\/62064"}],"wp:featuredmedia":[{"embeddable":true,"href":"https:\/\/zonaroja.com.mx\/index.php?rest_route=\/wp\/v2\/media\/62063"}],"wp:attachment":[{"href":"https:\/\/zonaroja.com.mx\/index.php?rest_route=%2Fwp%2Fv2%2Fmedia&parent=62062"}],"wp:term":[{"taxonomy":"category","embeddable":true,"href":"https:\/\/zonaroja.com.mx\/index.php?rest_route=%2Fwp%2Fv2%2Fcategories&post=62062"},{"taxonomy":"post_tag","embeddable":true,"href":"https:\/\/zonaroja.com.mx\/index.php?rest_route=%2Fwp%2Fv2%2Ftags&post=62062"}],"curies":[{"name":"wp","href":"https:\/\/api.w.org\/{rel}","templated":true}]}}