{"id":62069,"date":"2023-11-14T15:03:00","date_gmt":"2023-11-14T21:03:00","guid":{"rendered":"http:\/\/www.zonaroja.com.mx\/?p=62069"},"modified":"2023-11-14T08:06:58","modified_gmt":"2023-11-14T14:06:58","slug":"fortalece-fiscalia-mecanismos-para-denuncias-de-comunidad-de-la-diversidad-sexual-en-istmo","status":"publish","type":"post","link":"https:\/\/zonaroja.com.mx\/?p=62069","title":{"rendered":"Fortalece Fiscal\u00eda mecanismos para denuncias de comunidad de la diversidad sexual en Istmo"},"content":{"rendered":"\n<p>Redacci\u00f3n\/Zona Roja.&nbsp;<\/p>\n\n\n\n<p>Oaxaca de Ju\u00e1rez, Oax., a 13 de noviembre de 2023.- Para hacer frente de manera integral a los delitos contra la comunidad de la Diversidad Sexual, la Fiscal\u00eda General del Estado de Oaxaca (FGEO) conjuntamente con el colectivo de organizaciones que conforman la red \u201cTransform\u00e1ndome\u201d y Mexfam, iniciaron el proceso de socializaci\u00f3n de la \u201cPlataforma Digital\u201d para denuncias sobre casos de agresiones en contra de la comunidad Muxhe y de la diversidad sexual en la regi\u00f3n del Istmo de Tehuantepec.<\/p>\n\n\n\n<p>En un evento p\u00fablico en Juchit\u00e1n, en el que estuvieron presentes el Fiscal de Oaxaca, Bernardo Rodr\u00edguez Alamilla; la coordinadora de la Red Transform\u00e1ndome, Amaranta G\u00f3mez Regalado; el edil de Niltepec, Froyl\u00e1n Medina Santos; el representante de la Defensor\u00eda de los Derechos Humanos del Pueblo de Oaxaca (DDHPO), Juan Rodr\u00edguez Ramos; as\u00ed como integrantes del colectivo, se presentaron los resultados de las diversas reuniones sostenidas entre las Organizaciones de la Sociedad Civil y la Vicefiscal\u00eda Regional del Istmo.<\/p>\n\n\n\n<p>En este marco se destac\u00f3 la realizaci\u00f3n de la estrategia virtual que busca dar respuesta de manera urgente y expedita a las denuncias, adem\u00e1s de que ser\u00e1 un mecanismo de seguimiento a los casos que se encuentran en la instituci\u00f3n de procuraci\u00f3n de justicia.<\/p>\n\n\n\n<p>Al intervenir, el Fiscal de Oaxaca, Bernardo Rodr\u00edguez Alamilla dijo que esta plataforma es un esfuerzo por transformar la instituci\u00f3n y colocar en el centro de la toma de decisiones a las v\u00edctimas, especialmente en los casos relacionados con personas de la comunidad, quienes hist\u00f3ricamente no han podido acceder plenamente a la justicia, por ello, resalt\u00f3, es necesario visibilizar los diferentes delitos que enfrentan y reconocerlos para poder transformar este panorama.<\/p>\n\n\n\n<p>Detall\u00f3 que la plataforma digital es un esfuerzo conjunto entre organizaciones de la sociedad civil y la instituci\u00f3n procuradora de justicia, una alianza estrat\u00e9gica que busca acercar los servicios de la FGEO la comunidad de la diversidad, adem\u00e1s que se convertir\u00e1 en una fuente de informaci\u00f3n que podr\u00eda coadyuvar a la creaci\u00f3n de pol\u00edticas p\u00fablicas preventivas respecto a los cr\u00edmenes de odio.<\/p>\n\n\n\n<p>Asimismo, la plataforma se convertir\u00e1 en una fuente de informaci\u00f3n, pues, se podr\u00e1 generar una base de datos actualizada que permita brindar datos que coadyuven a la generaci\u00f3n de acciones de pol\u00edtica p\u00fablica coordinadas entre instituciones como la Fiscal\u00eda General del Estado, instancias impartidoras de justicia y organizaciones de la sociedad civil de la comunidad Muxhe, Nguiu y de la diversidad sexual que mejoren los procesos de atenci\u00f3n.<\/p>\n\n\n\n<p>Actualmente la plataforma digital est\u00e1 en proceso de socializaci\u00f3n entre diversos miembros de las comunidades Muxhe, Nguiu y de la diversidad sexual en la regi\u00f3n del Istmo, quienes har\u00e1n observaciones y aportaciones que permitan mejorar la plataforma para que pueda cumplir con su objetivo.<\/p>\n\n\n\n<p>Finalmente, el Fiscal General apunt\u00f3 que este tipo de esfuerzos permiten utilizar las nuevas tecnolog\u00edas a favor de los procesos de procuraci\u00f3n de justicia que permita brindar resultados m\u00e1s eficientes.<\/p>\n","protected":false},"excerpt":{"rendered":"<p>Redacci\u00f3n\/Zona Roja.&nbsp; Oaxaca de Ju\u00e1rez, Oax., a 13 de noviembre de 2023.- Para hacer frente&hellip;<\/p>\n","protected":false},"author":2,"featured_media":62051,"comment_status":"closed","ping_status":"open","sticky":false,"template":"","format":"standard","meta":{"_lmt_disableupdate":"","_lmt_disable":"","_jetpack_memberships_contains_paid_content":false,"footnotes":""},"categories":[109,46],"tags":[494],"class_list":["post-62069","post","type-post","status-publish","format-standard","has-post-thumbnail","hentry","category-minuto-a-minuto","category-zona-blanca","tag-fiscalia-general-del-estado-de-oaxaca"],"jetpack_featured_media_url":"https:\/\/zonaroja.com.mx\/wp-content\/uploads\/2023\/11\/BOLETIN-468-Socializan-Red-Transformandome-y-Fiscalia-de-Oaxaca-Plataforma-Digital-para-denuncias-contra-la-comunidad-de-la-diversidad-sexual-en-el-Istmo4.jpeg","jetpack_sharing_enabled":true,"_links":{"self":[{"href":"https:\/\/zonaroja.com.mx\/index.php?rest_route=\/wp\/v2\/posts\/62069","targetHints":{"allow":["GET"]}}],"collection":[{"href":"https:\/\/zonaroja.com.mx\/index.php?rest_route=\/wp\/v2\/posts"}],"about":[{"href":"https:\/\/zonaroja.com.mx\/index.php?rest_route=\/wp\/v2\/types\/post"}],"author":[{"embeddable":true,"href":"https:\/\/zonaroja.com.mx\/index.php?rest_route=\/wp\/v2\/users\/2"}],"replies":[{"embeddable":true,"href":"https:\/\/zonaroja.com.mx\/index.php?rest_route=%2Fwp%2Fv2%2Fcomments&post=62069"}],"version-history":[{"count":1,"href":"https:\/\/zonaroja.com.mx\/index.php?rest_route=\/wp\/v2\/posts\/62069\/revisions"}],"predecessor-version":[{"id":62070,"href":"https:\/\/zonaroja.com.mx\/index.php?rest_route=\/wp\/v2\/posts\/62069\/revisions\/62070"}],"wp:featuredmedia":[{"embeddable":true,"href":"https:\/\/zonaroja.com.mx\/index.php?rest_route=\/wp\/v2\/media\/62051"}],"wp:attachment":[{"href":"https:\/\/zonaroja.com.mx\/index.php?rest_route=%2Fwp%2Fv2%2Fmedia&parent=62069"}],"wp:term":[{"taxonomy":"category","embeddable":true,"href":"https:\/\/zonaroja.com.mx\/index.php?rest_route=%2Fwp%2Fv2%2Fcategories&post=62069"},{"taxonomy":"post_tag","embeddable":true,"href":"https:\/\/zonaroja.com.mx\/index.php?rest_route=%2Fwp%2Fv2%2Ftags&post=62069"}],"curies":[{"name":"wp","href":"https:\/\/api.w.org\/{rel}","templated":true}]}}