{"id":62071,"date":"2023-11-14T15:46:25","date_gmt":"2023-11-14T21:46:25","guid":{"rendered":"http:\/\/www.zonaroja.com.mx\/?p=62071"},"modified":"2023-11-14T15:46:28","modified_gmt":"2023-11-14T21:46:28","slug":"se-unen-comerciantes-contra-neri-para-denunciar-y-frenar-venta-de-espacios-publicos-a-ambulantes","status":"publish","type":"post","link":"https:\/\/zonaroja.com.mx\/?p=62071","title":{"rendered":"Se unen comerciantes contra Neri, para denunciar y frenar venta de espacios p\u00fablicos a ambulantes\u00a0"},"content":{"rendered":"\n<p>Yuridiana&nbsp;Sosa\/Zona Roja.&nbsp;&nbsp;<\/p>\n\n\n\n<p>Oaxaca de Ju\u00e1rez,&nbsp;Oax., a 14 de noviembre de 2023.-&nbsp;Frente a&nbsp;presuntos actos de corrupci\u00f3n&nbsp;cometidos por el gobierno de Francisco Mart\u00ednez Neri contra el comercio establecido&nbsp;y ciudadanos&nbsp;de la&nbsp;capital del estado, dicho sector cre\u00f3 el Observatorio Ciudadano Oaxaque\u00f1o para denunciar, entre otros atropellos, la venta de espacios p\u00fablicos a favor de los vendedores ambulantes.&nbsp;<\/p>\n\n\n\n<p>Integrantes de este grupo denunciaron en conferencia de prensa, frente a Palacio de Gobierno,&nbsp;que la administraci\u00f3n actual s\u00f3lo est\u00e1 gobernando a favor de los vendedores informales, a quienes se les otorgan privilegios para impulsar sus negocios, mientras que los comerciantes establecidos van a la baja con sus ventas.&nbsp;<\/p>\n\n\n\n<p>Como ha ocurrido en cada temporada festiva, la m\u00e1s&nbsp;reciente por \u201cD\u00eda de Muertos\u201d, donde cientos de puestos abarrotaron las principales calles del Centro Hist\u00f3rico de la capital, mientras que los mercados y el resto del comercio presentaron baja afluencia y pocas ventas en&nbsp;comparaci\u00f3n&nbsp;a otros a\u00f1os.&nbsp;&nbsp;<\/p>\n\n\n\n<p>A pocas semanas de finalizar el segundo a\u00f1o de gobierno, Mart\u00ednez Neri no ha logrado concretar su proyecto&nbsp;de una \u201cciudad educadora\u201d, criticaron los&nbsp;comerciantes&nbsp;y representantes de los Comit\u00e9s de Vida Vecinal -tambi\u00e9n integrantes del Observatorio-,&nbsp;quienes consideraron que, por el contrario, va en retroceso.&nbsp;&nbsp;<\/p>\n\n\n\n<p>Pues por una parte presumen de inversiones para la mejora de la Alameda de&nbsp;Le\u00f3n&nbsp;y reconoce afectaciones por ferias en los parques, y por otra vende espacios para los ambulantes, quienes da\u00f1an la cantera con&nbsp;la instalaci\u00f3n de sus puestos.&nbsp;&nbsp;<\/p>\n\n\n\n<p>Mart\u00ednez Neri ha mostrado con claridad la preferencia con&nbsp;el&nbsp;gremio&nbsp;informal, justificando que tambi\u00e9n tienen derecho al trabajo, al tiempo que se afecta a los comerciantes establecidos&nbsp;y vecinos de la zona del Centro Hist\u00f3rico.&nbsp;<\/p>\n\n\n\n<p>La presidenta de la organizaci\u00f3n&nbsp;Empresarios y Comerciantes del Estado de Oaxaca, Alejandra Rivera, indic\u00f3 que el Observatorio fue creado&nbsp;para el rescate de espacios p\u00fablicos y&nbsp;denunciar diversos atropellos por parte de la autoridad tanto en el sector comercial, como en salud,&nbsp;educaci\u00f3n,&nbsp;entre otros.<\/p>\n","protected":false},"excerpt":{"rendered":"<p>Yuridiana&nbsp;Sosa\/Zona Roja.&nbsp;&nbsp; Oaxaca de Ju\u00e1rez,&nbsp;Oax., a 14 de noviembre de 2023.-&nbsp;Frente a&nbsp;presuntos actos de corrupci\u00f3n&nbsp;cometidos&hellip;<\/p>\n","protected":false},"author":2,"featured_media":62072,"comment_status":"closed","ping_status":"open","sticky":false,"template":"","format":"standard","meta":{"_lmt_disableupdate":"","_lmt_disable":"","_jetpack_memberships_contains_paid_content":false,"footnotes":""},"categories":[109,47],"tags":[2418,148],"class_list":["post-62071","post","type-post","status-publish","format-standard","has-post-thumbnail","hentry","category-minuto-a-minuto","category-zona-gris","tag-francisco-martinez-neri","tag-oaxaca-de-juarez"],"jetpack_featured_media_url":"https:\/\/zonaroja.com.mx\/wp-content\/uploads\/2023\/11\/Protesta-tendedero-contra-edil-Neri.jpg","jetpack_sharing_enabled":true,"_links":{"self":[{"href":"https:\/\/zonaroja.com.mx\/index.php?rest_route=\/wp\/v2\/posts\/62071","targetHints":{"allow":["GET"]}}],"collection":[{"href":"https:\/\/zonaroja.com.mx\/index.php?rest_route=\/wp\/v2\/posts"}],"about":[{"href":"https:\/\/zonaroja.com.mx\/index.php?rest_route=\/wp\/v2\/types\/post"}],"author":[{"embeddable":true,"href":"https:\/\/zonaroja.com.mx\/index.php?rest_route=\/wp\/v2\/users\/2"}],"replies":[{"embeddable":true,"href":"https:\/\/zonaroja.com.mx\/index.php?rest_route=%2Fwp%2Fv2%2Fcomments&post=62071"}],"version-history":[{"count":1,"href":"https:\/\/zonaroja.com.mx\/index.php?rest_route=\/wp\/v2\/posts\/62071\/revisions"}],"predecessor-version":[{"id":62073,"href":"https:\/\/zonaroja.com.mx\/index.php?rest_route=\/wp\/v2\/posts\/62071\/revisions\/62073"}],"wp:featuredmedia":[{"embeddable":true,"href":"https:\/\/zonaroja.com.mx\/index.php?rest_route=\/wp\/v2\/media\/62072"}],"wp:attachment":[{"href":"https:\/\/zonaroja.com.mx\/index.php?rest_route=%2Fwp%2Fv2%2Fmedia&parent=62071"}],"wp:term":[{"taxonomy":"category","embeddable":true,"href":"https:\/\/zonaroja.com.mx\/index.php?rest_route=%2Fwp%2Fv2%2Fcategories&post=62071"},{"taxonomy":"post_tag","embeddable":true,"href":"https:\/\/zonaroja.com.mx\/index.php?rest_route=%2Fwp%2Fv2%2Ftags&post=62071"}],"curies":[{"name":"wp","href":"https:\/\/api.w.org\/{rel}","templated":true}]}}