{"id":62074,"date":"2023-11-14T19:10:59","date_gmt":"2023-11-15T01:10:59","guid":{"rendered":"http:\/\/www.zonaroja.com.mx\/?p=62074"},"modified":"2023-11-14T19:11:01","modified_gmt":"2023-11-15T01:11:01","slug":"senalan-retrocesos-en-ley-de-la-ninez-y-adolescencia-en-oaxaca-van-por-amparos","status":"publish","type":"post","link":"https:\/\/zonaroja.com.mx\/?p=62074","title":{"rendered":"Se\u00f1alan retrocesos en Ley de la Ni\u00f1ez y Adolescencia en Oaxaca; van por amparos"},"content":{"rendered":"\n<p>Yuridiana Sosa\/Zona Roja.&nbsp;<\/p>\n\n\n\n<p>Oaxaca de Ju\u00e1rez, Oax., a 14 de noviembre de 2023.- Organizaciones civiles de Oaxaca denunciaron un grave retroceso en la reci\u00e9n aprobada Ley de los Derechos de Ni\u00f1as, Ni\u00f1os y Adolescentes de Oaxaca, pese a observaciones previas,&nbsp;por lo que interpondr\u00e1n una serie de amparos para derogarla.&nbsp;<\/p>\n\n\n\n<p>En conferencia de prensa, en el z\u00f3calo de la capital, diversos colectivos expertos en la defensa de los derechos de ni\u00f1as, ni\u00f1os y adolescentes aseguraron que el presidente de la Junta de Coordinaci\u00f3n Pol\u00edtica de la 65 Legislatura del Estado, Luis Alfonso Silva Romo, hizo caso omiso a los se\u00f1alamientos sobre los agravios que detectaron en la nueva ley. &nbsp;<\/p>\n\n\n\n<p>\u201cAl conocer el texto de la nueva ley se hizo de conocimiento a Luis Alfonso Silva sobre la gravedad de dicha aprobaci\u00f3n y se lav\u00f3 las manos\u201d, puntualizaron.&nbsp;<\/p>\n\n\n\n<p>La representante de Consorcio Oaxaca, Yesica S\u00e1nchez Maya, apunt\u00f3 que ya se present\u00f3 un amparo judicial contra dicha ley, pero se encuentran en camino varios procesos m\u00e1s, como es uno por inconstitucionalidad, al considerar que representan retrocesos en varios apartados. &nbsp;<\/p>\n\n\n\n<p>Dichos \u201cpasos atr\u00e1s\u201d, dijeron, son con respecto a la ley anterior, la cual sigue vigente y con la que se contrapone, a su vez significa un colapso constitucional y un grave tropiezo de parte de la 65 Legislatura, pues ahora existir\u00e1 confusi\u00f3n sobre que ley se ejecutar\u00e1.&nbsp;<\/p>\n\n\n\n<p>Los organismo civiles indicaron que sus observaciones fueron ignoradas tambi\u00e9n por parte de la diputada X\u00f3chitl Jazm\u00edn Vel\u00e1squez V\u00e1squez, quien preside la Comisi\u00f3n Permanente de los Grupos en Situaci\u00f3n de Vulnerabilidad, y quien propuso dicha legislaci\u00f3n. &nbsp;<\/p>\n\n\n\n<p>Frente a ese panorama, denunciaron que el primer a\u00f1o de gobierno de Salom\u00f3n Jara Cruz representa una falla a los derechos de la ni\u00f1ez y adolescencia oaxaque\u00f1a, por lo que exigieron cumpla con sus promesas de campa\u00f1a en respetar esos derechos.&nbsp;<\/p>\n\n\n\n<p>RETROCESOS &nbsp;<\/p>\n\n\n\n<p>Las asociaciones indicaron que en la nueva ley no se reconocen a las ni\u00f1as, ni\u00f1os y adolescentes como personas sujetas de derechos y presenta diversos vac\u00edos legales.&nbsp;<\/p>\n\n\n\n<p>La nueva ley, aprobada en septiembre y publicada en octubre, no reconoce de forma particular a los ind\u00edgenas, afromexicanos; se ignora el tema cultural, derechos sexuales, carece de e lenguaje incluyente y no sexista y emplea t\u00e9rminos retr\u00f3grados.<\/p>\n","protected":false},"excerpt":{"rendered":"<p>Yuridiana Sosa\/Zona Roja.&nbsp; Oaxaca de Ju\u00e1rez, Oax., a 14 de noviembre de 2023.- Organizaciones civiles&hellip;<\/p>\n","protected":false},"author":2,"featured_media":62075,"comment_status":"closed","ping_status":"open","sticky":false,"template":"","format":"standard","meta":{"_lmt_disableupdate":"","_lmt_disable":"","_jetpack_memberships_contains_paid_content":false,"footnotes":""},"categories":[109,47],"tags":[548],"class_list":["post-62074","post","type-post","status-publish","format-standard","has-post-thumbnail","hentry","category-minuto-a-minuto","category-zona-gris","tag-consorcio-oaxaca"],"jetpack_featured_media_url":"https:\/\/zonaroja.com.mx\/wp-content\/uploads\/2023\/11\/Conferencia-de-prensa-Consorcio-y-organisos-civiles-ley-ninos-y-adolescentes.jpg","jetpack_sharing_enabled":true,"_links":{"self":[{"href":"https:\/\/zonaroja.com.mx\/index.php?rest_route=\/wp\/v2\/posts\/62074","targetHints":{"allow":["GET"]}}],"collection":[{"href":"https:\/\/zonaroja.com.mx\/index.php?rest_route=\/wp\/v2\/posts"}],"about":[{"href":"https:\/\/zonaroja.com.mx\/index.php?rest_route=\/wp\/v2\/types\/post"}],"author":[{"embeddable":true,"href":"https:\/\/zonaroja.com.mx\/index.php?rest_route=\/wp\/v2\/users\/2"}],"replies":[{"embeddable":true,"href":"https:\/\/zonaroja.com.mx\/index.php?rest_route=%2Fwp%2Fv2%2Fcomments&post=62074"}],"version-history":[{"count":1,"href":"https:\/\/zonaroja.com.mx\/index.php?rest_route=\/wp\/v2\/posts\/62074\/revisions"}],"predecessor-version":[{"id":62076,"href":"https:\/\/zonaroja.com.mx\/index.php?rest_route=\/wp\/v2\/posts\/62074\/revisions\/62076"}],"wp:featuredmedia":[{"embeddable":true,"href":"https:\/\/zonaroja.com.mx\/index.php?rest_route=\/wp\/v2\/media\/62075"}],"wp:attachment":[{"href":"https:\/\/zonaroja.com.mx\/index.php?rest_route=%2Fwp%2Fv2%2Fmedia&parent=62074"}],"wp:term":[{"taxonomy":"category","embeddable":true,"href":"https:\/\/zonaroja.com.mx\/index.php?rest_route=%2Fwp%2Fv2%2Fcategories&post=62074"},{"taxonomy":"post_tag","embeddable":true,"href":"https:\/\/zonaroja.com.mx\/index.php?rest_route=%2Fwp%2Fv2%2Ftags&post=62074"}],"curies":[{"name":"wp","href":"https:\/\/api.w.org\/{rel}","templated":true}]}}