{"id":62077,"date":"2023-11-14T20:28:51","date_gmt":"2023-11-15T02:28:51","guid":{"rendered":"http:\/\/www.zonaroja.com.mx\/?p=62077"},"modified":"2023-11-14T20:28:53","modified_gmt":"2023-11-15T02:28:53","slug":"martes-de-protestas-y-bloqueos-en-oaxaca-y-manana-magisterio-boicoteara-informe","status":"publish","type":"post","link":"https:\/\/zonaroja.com.mx\/?p=62077","title":{"rendered":"Martes de protestas y bloqueos en Oaxaca; y ma\u00f1ana magisterio boicotear\u00e1 informe"},"content":{"rendered":"\n<p>Yuridiana Sosa\/Zona Roja.&nbsp;<\/p>\n\n\n\n<p>Oaxaca de Ju\u00e1rez, Oax., a 14 de noviembre de 2023.- Diversas&nbsp;manifestaciones se registraron este martes en Oaxaca contra el gobierno federal, estatal y municipales, por parte de ciudadanos y organizaciones sociales. &nbsp;<\/p>\n\n\n\n<p>Por segundo d\u00eda consecutivo, la Secci\u00f3n 22 del Sindicato Nacional de Trabajadores de la Educaci\u00f3n (SNTE) se manifest\u00f3 en la regi\u00f3n del Istmo con paro de labores y ahora con la instalaci\u00f3n de m\u00faltiples bloqueos. &nbsp;<\/p>\n\n\n\n<p>En su protesta contra el gobierno estatal y federal, la gremial cerr\u00f3 la vialidad sobre la carretera 185 Trans\u00edstmica en el kil\u00f3metro 294, en el punto conocido como La Nissan, en el tramo Tehuantepec-Salina Cruz.&nbsp;<\/p>\n\n\n\n<p>Otra afectaci\u00f3n se registr\u00f3 en el punto conocido como El Caracol, en la carretera 190 Panamericana, en el tramo Jalapa del Marqu\u00e9s-Tehuantepec, lo que impidi\u00f3 el paso hacia la capital del estado. &nbsp;<\/p>\n\n\n\n<p>As\u00ed tambi\u00e9n cerraron la supercarretera 185-D en el tramo La Ventosa-Salina Cruz, a la altura de la caseta de cobro Plaza N 90 Ciudad Ixtepec. &nbsp;<\/p>\n\n\n\n<p>Uno m\u00e1s en el kil\u00f3metro 260 en el punto conocido como Imeca de la carretera 185 Trans\u00edstmica tramo Juchit\u00e1n-Tehuantepec. Otro en el kil\u00f3metro 185, en el tramo La Ventosa-Mat\u00edas Romero en el punto conocido como el crucero del trenecito.&nbsp;<\/p>\n\n\n\n<p>Mientras que otro grupo cerr\u00f3 el paso sobre la 190 Panamericana, en el puente Ostuta, tramo La Ventosa-Zanatepec.&nbsp;<\/p>\n\n\n\n<p>La movilizaci\u00f3n de la Secci\u00f3n 22 del SNTE est\u00e1 programada para 72 horas, por lo que este mi\u00e9rcoles se prev\u00e9 que contin\u00fae.<\/p>\n\n\n\n<p>En tanto, de \u00faltima hora, la Comisi\u00f3n Pol\u00edtica del magisterio determin\u00f3 hoy realizar un boicot al acto del primer informe de gobierno de Salom\u00f3n Jara Cruz.<\/p>\n\n\n\n<p>Para ello emiti\u00f3 una circular dirigida a todas las bases, para que se concentren ma\u00f1ana a las 07:00 horas en el z\u00f3calo de la capital e impedir las actividades del mandatario.<\/p>\n\n\n\n<p>No obstante, el titular del Poder Ejecutivo prev\u00e9 acudir al Congreso del Estado para entregar su informe y por la tarde dar\u00eda un mensaje a la poblaci\u00f3n.<\/p>\n\n\n\n<p>EN LA CAPITAL<\/p>\n\n\n\n<p>En la ciudad de Oaxaca de Ju\u00e1rez, comerciantes y vecinos de la zona del Centro Hist\u00f3rico de Oaxaca se manifestaron con el presidente municipal, Francisco Mart\u00ednez Neri y su cabildo, cuyas fotos fueron colocados en el \u201ctendedero\u201d de la corrupci\u00f3n. &nbsp;<\/p>\n\n\n\n<p>Con la leyenda de \u201ccorrupto\u201d, fue colgada cada una de fotos de los regidores, en el z\u00f3calo frente al Palacio de Gobierno, por la venta de espacios en v\u00eda p\u00fablica para los vendedores ambulantes. &nbsp;<\/p>\n\n\n\n<p>Los comerciantes establecidos y vecinos, se\u00f1alaron que la autoridad municipal privilegia al comercio informal, mientras que ellos sufren las consecuencias de la competencia desleal y la poblaci\u00f3n de la ingobernabilidad.&nbsp;<\/p>\n\n\n\n<p>DIVERSAS QUEJAS&nbsp;<\/p>\n\n\n\n<p>Ante la falta de atenci\u00f3n a sus solicitudes, habitantes y autoridades de Ahuejutla anunciaron frente a Palacio de Gobierno en la capital, su separaci\u00f3n de la cabecera municipal de San Mart\u00edn Peras. &nbsp;<\/p>\n\n\n\n<p>Las autoridades auxiliares y poblaci\u00f3n apuntaron que se debe a que el&nbsp;ayuntamiento se niega a otorgarles recursos presupuestales y otros apoyos, mientras que las autoridades del gobierno del estado no han hecho lo necesario para que cumplieran con su deber.&nbsp;<\/p>\n\n\n\n<p>Por otra parte, el Comit\u00e9 de V\u00edctimas y Familiares Ikoots de la Masacre de San Mateo del Mar se manifestaron exigir justicia, por en\u00e9sima ocasi\u00f3n, a m\u00e1s de tres a\u00f1os de los hechos ocurridos el 21 de junio de 2020.&nbsp;<\/p>\n\n\n\n<p>La concentraci\u00f3n de los afectados y organizaciones sociales se realiz\u00f3 en el&nbsp;marco del inicio del juicio a Gualterio N. N., Jos\u00e9 Luis N. N. y Flavio NN, unos de los presuntos responsables de la masacre. &nbsp;<\/p>\n\n\n\n<p>Adem\u00e1s, integrantes de la comunidad LGBTIQ + se manifestaron este martes por la muerte del Magistrade de Aguascalientes Jos\u00e9 Ociel Baena Saucedo, la cual a\u00fan no se esclarece, y por la cual exigen justicia.&nbsp;<\/p>\n\n\n\n<p>Los inconformes se desplazaron en marcha del templo de Santo Domingo de Guzm\u00e1n al z\u00f3calo de la ciudad, sobre el andador tur\u00edstico de Macedonio Alcal\u00e1.&nbsp;<\/p>\n","protected":false},"excerpt":{"rendered":"<p>Yuridiana Sosa\/Zona Roja.&nbsp; Oaxaca de Ju\u00e1rez, Oax., a 14 de noviembre de 2023.- Diversas&nbsp;manifestaciones se&hellip;<\/p>\n","protected":false},"author":2,"featured_media":62078,"comment_status":"closed","ping_status":"open","sticky":false,"template":"","format":"standard","meta":{"_lmt_disableupdate":"","_lmt_disable":"","_jetpack_memberships_contains_paid_content":false,"footnotes":""},"categories":[109,47],"tags":[2264],"class_list":["post-62077","post","type-post","status-publish","format-standard","has-post-thumbnail","hentry","category-minuto-a-minuto","category-zona-gris","tag-bloqueos-y-protestas-oaxaca"],"jetpack_featured_media_url":"https:\/\/zonaroja.com.mx\/wp-content\/uploads\/2023\/11\/Bloqueo-carretero-Istmo-Seccion-22.jpg","jetpack_sharing_enabled":true,"_links":{"self":[{"href":"https:\/\/zonaroja.com.mx\/index.php?rest_route=\/wp\/v2\/posts\/62077","targetHints":{"allow":["GET"]}}],"collection":[{"href":"https:\/\/zonaroja.com.mx\/index.php?rest_route=\/wp\/v2\/posts"}],"about":[{"href":"https:\/\/zonaroja.com.mx\/index.php?rest_route=\/wp\/v2\/types\/post"}],"author":[{"embeddable":true,"href":"https:\/\/zonaroja.com.mx\/index.php?rest_route=\/wp\/v2\/users\/2"}],"replies":[{"embeddable":true,"href":"https:\/\/zonaroja.com.mx\/index.php?rest_route=%2Fwp%2Fv2%2Fcomments&post=62077"}],"version-history":[{"count":1,"href":"https:\/\/zonaroja.com.mx\/index.php?rest_route=\/wp\/v2\/posts\/62077\/revisions"}],"predecessor-version":[{"id":62079,"href":"https:\/\/zonaroja.com.mx\/index.php?rest_route=\/wp\/v2\/posts\/62077\/revisions\/62079"}],"wp:featuredmedia":[{"embeddable":true,"href":"https:\/\/zonaroja.com.mx\/index.php?rest_route=\/wp\/v2\/media\/62078"}],"wp:attachment":[{"href":"https:\/\/zonaroja.com.mx\/index.php?rest_route=%2Fwp%2Fv2%2Fmedia&parent=62077"}],"wp:term":[{"taxonomy":"category","embeddable":true,"href":"https:\/\/zonaroja.com.mx\/index.php?rest_route=%2Fwp%2Fv2%2Fcategories&post=62077"},{"taxonomy":"post_tag","embeddable":true,"href":"https:\/\/zonaroja.com.mx\/index.php?rest_route=%2Fwp%2Fv2%2Ftags&post=62077"}],"curies":[{"name":"wp","href":"https:\/\/api.w.org\/{rel}","templated":true}]}}