{"id":62085,"date":"2023-11-15T08:30:00","date_gmt":"2023-11-15T14:30:00","guid":{"rendered":"http:\/\/www.zonaroja.com.mx\/?p=62085"},"modified":"2023-11-14T21:40:08","modified_gmt":"2023-11-15T03:40:08","slug":"detiene-fiscalia-de-oaxaca-a-secuestrador-poblano-se-refugiaba-en-tlaxiaco","status":"publish","type":"post","link":"https:\/\/zonaroja.com.mx\/?p=62085","title":{"rendered":"Detiene Fiscal\u00eda de Oaxaca a secuestrador poblano; se refugiaba en Tlaxiaco"},"content":{"rendered":"\n<p>Redacci\u00f3n\/Zona Roja.&nbsp;<\/p>\n\n\n\n<p>Oaxaca de Ju\u00e1rez, Oax., a 15 de noviembre de 2023.- El trabajo de seguridad regional y la efectiva colaboraci\u00f3n interinstitucional en materia de combate al secuestro, permiti\u00f3 a la Fiscal\u00eda General del Estado de Oaxaca (FGEO) ejecutar una orden de aprehensi\u00f3n en contra de una persona del sexo masculino identificada como M. R. C., alias \u201cEl Mochila\u201d, por los delitos de Secuestro y Asociaci\u00f3n Delictuosa, cometidos en el estado de Puebla.<\/p>\n\n\n\n<p>Luego que la FGEO estableci\u00f3 contacto directo con la Fiscal\u00eda General del Estado de Puebla, a trav\u00e9s de la Unidad Especializada de Investigaci\u00f3n de Secuestro y Extorsi\u00f3n, se tuvo conocimiento que M. R. C., alias \u201cEl Mochila\u201d estaba en la Heroica Ciudad de Tlaxiaco.<\/p>\n\n\n\n<p>Derivado del proceso Penal 360\/1995, por la comisi\u00f3n de los delitos antes mencionados, se estableci\u00f3 el convenio de colaboraci\u00f3n entre las dos fiscal\u00edas, por lo que elementos de la Agencia Estatal de Investigaciones (AEI) de Oaxaca dieron con el paradero de la persona imputada.<\/p>\n\n\n\n<p>Tras lo cual, detuvieron al imputado para dar cumplimiento al mandato judicial, para posteriormente trasladarlo a las oficinas de la Fiscal\u00eda Local de Tlaxiaco, para realizar los tr\u00e1mites pertinentes, para su posterior entrega a las autoridades correspondientes de Puebla.<\/p>\n","protected":false},"excerpt":{"rendered":"<p>Redacci\u00f3n\/Zona Roja.&nbsp; Oaxaca de Ju\u00e1rez, Oax., a 15 de noviembre de 2023.- El trabajo de&hellip;<\/p>\n","protected":false},"author":2,"featured_media":52354,"comment_status":"closed","ping_status":"open","sticky":false,"template":"","format":"standard","meta":{"_lmt_disableupdate":"","_lmt_disable":"","_jetpack_memberships_contains_paid_content":false,"footnotes":""},"categories":[109,46],"tags":[494],"class_list":["post-62085","post","type-post","status-publish","format-standard","has-post-thumbnail","hentry","category-minuto-a-minuto","category-zona-blanca","tag-fiscalia-general-del-estado-de-oaxaca"],"jetpack_featured_media_url":"https:\/\/zonaroja.com.mx\/wp-content\/uploads\/2023\/03\/Secuestro-secuestrado-plagiado.jpeg","jetpack_sharing_enabled":true,"_links":{"self":[{"href":"https:\/\/zonaroja.com.mx\/index.php?rest_route=\/wp\/v2\/posts\/62085","targetHints":{"allow":["GET"]}}],"collection":[{"href":"https:\/\/zonaroja.com.mx\/index.php?rest_route=\/wp\/v2\/posts"}],"about":[{"href":"https:\/\/zonaroja.com.mx\/index.php?rest_route=\/wp\/v2\/types\/post"}],"author":[{"embeddable":true,"href":"https:\/\/zonaroja.com.mx\/index.php?rest_route=\/wp\/v2\/users\/2"}],"replies":[{"embeddable":true,"href":"https:\/\/zonaroja.com.mx\/index.php?rest_route=%2Fwp%2Fv2%2Fcomments&post=62085"}],"version-history":[{"count":1,"href":"https:\/\/zonaroja.com.mx\/index.php?rest_route=\/wp\/v2\/posts\/62085\/revisions"}],"predecessor-version":[{"id":62086,"href":"https:\/\/zonaroja.com.mx\/index.php?rest_route=\/wp\/v2\/posts\/62085\/revisions\/62086"}],"wp:featuredmedia":[{"embeddable":true,"href":"https:\/\/zonaroja.com.mx\/index.php?rest_route=\/wp\/v2\/media\/52354"}],"wp:attachment":[{"href":"https:\/\/zonaroja.com.mx\/index.php?rest_route=%2Fwp%2Fv2%2Fmedia&parent=62085"}],"wp:term":[{"taxonomy":"category","embeddable":true,"href":"https:\/\/zonaroja.com.mx\/index.php?rest_route=%2Fwp%2Fv2%2Fcategories&post=62085"},{"taxonomy":"post_tag","embeddable":true,"href":"https:\/\/zonaroja.com.mx\/index.php?rest_route=%2Fwp%2Fv2%2Ftags&post=62085"}],"curies":[{"name":"wp","href":"https:\/\/api.w.org\/{rel}","templated":true}]}}