{"id":62087,"date":"2023-11-15T11:30:00","date_gmt":"2023-11-15T17:30:00","guid":{"rendered":"http:\/\/www.zonaroja.com.mx\/?p=62087"},"modified":"2023-11-14T21:45:07","modified_gmt":"2023-11-15T03:45:07","slug":"opinion-donde-estan-las-obras","status":"publish","type":"post","link":"https:\/\/zonaroja.com.mx\/?p=62087","title":{"rendered":"Opini\u00f3n. \u00bfD\u00f3nde est\u00e1n las obras?"},"content":{"rendered":"\n<p>N\u00e9stor Y. S\u00e1nchez Islas<\/p>\n\n\n\n<p>Estamos a d\u00edas de cumplir un a\u00f1o viviendo en el&nbsp;ed\u00e9n primaveral prometido. Y hasta ahora las cosas parecen seguir en el mismo estado en que las dej\u00f3 Alejandro Murat.<\/p>\n\n\n\n<p>Entre pol\u00edticos han inventado sus propias m\u00e9tricas para calificar su desempe\u00f1o, m\u00e9tricas que siempre manipulan de acuerdo con su conveniencia. Por ejemplo, a los legisladores les gusta que se les califique de acuerdo con el n\u00famero de iniciativas presentadas.<\/p>\n\n\n\n<p>En ese tenor de presentar ocurrencias al pleno, durante alg\u00fan tiempo el se\u00f1or Benjam\u00edn Robles Montoya se present\u00f3 a s\u00ed mismo como el m\u00e1s&nbsp;productivo. No importa que fueran aprobadas o no, mucho menos la trascendencia que tuvieran o el impacto que provocaron en el desarrollo del pa\u00eds, solo se trataba de presumir ante los medios la&nbsp;cantidad,&nbsp;pero sin cuidar la calidad. De acuerdo con su propia propaganda, hoy en d\u00eda, es la senadora Susana Harp quien qui\u00e9n afirma ser la m\u00e1s productiva.&nbsp;Eso dice ella.<\/p>\n\n\n\n<p>La m\u00e9trica inventada por quienes han sido presidente municipales o gobernadores es otra. A ellos les gusta que los midan por la cantidad de las obras realizadas. Y les gusta darse vuelo en medios y redes sociales. Se toman la foto y la cacarean por haber ido a celebrar la simple pintura de una barda, haber colocado un poste o pintar rayas en las calles, que se despintan a los diez d\u00edas, para presumir que trabajan.<\/p>\n\n\n\n<p>Esta m\u00e9trica es un enga\u00f1o por varias razones. En primer lugar, porque ellos no ponen un centavo de su bolsa, todos los recursos vienen etiquetados desde que se elaboran los presupuestos. En segundo, porque muchas de esas obras se planearon a\u00f1os antes de su llegada y, debido al largo proceso burocr\u00e1tico de asignaci\u00f3n de presupuestos, a ellos les toca inaugurarlas.<\/p>\n\n\n\n<p>En esta m\u00e9trica debemos tomar en cuenta todas aquellas obras fantasma que solo aparecen en el papel y que son caso muy frecuente y usado para la corrupci\u00f3n en las altas esferas del poder.&nbsp;<\/p>\n\n\n\n<p>Una y otra vez nos enteramos de carreteras, escuelas u hospitales que aparecen en los reportes como concluidos pero que en el terreno a veces ni existen. Cu\u00e1ntos presidente municipales y gobernadores han presumido obras de las que solo existe el cascar\u00f3n.<\/p>\n\n\n\n<p>Experto en dejar cascarones en el pasado muy reciente&nbsp;fue&nbsp;Alejandro Murat. Hace un a\u00f1o que se fue y sus magnas obras, al menos las que est\u00e1n en la capital, han quedado desnudadas por el actual gobierno. Ni el Centro Gastron\u00f3mico y su escuela de cocineros anexa, ni el Centro Cultural y de Convenciones, el b\u00fanker, ni el Centro Cultural \u00c1lvaro Carrillo en donde demoli\u00f3 un teatro funcional para dejar un cubo de concreto que nadie usa, ni la casa albergue para ni\u00f1os del DIF.&nbsp;<\/p>\n\n\n\n<p>Mucho menos la carretera de salida hacia el aeropuerto o la v\u00eda en las riberas del r\u00edo Atoyac. Menci\u00f3n especial merecen los 3500 millones de pesos que pidi\u00f3 prestados, y que todos debemos pagar, para sacar a los soldados de Ixcotel y construir ah\u00ed una zona comercial, hotelera y de universidades.<\/p>\n\n\n\n<p>De entre las obras inconclusas fue el Centro Gastron\u00f3mico el que mayor rechazo recibi\u00f3. Durante varios meses trat\u00f3 de construirlo en secreto. Quiz\u00e1 esto se debi\u00f3 a que parece ser que fue una obras m\u00e1s por capricho de su pareja que para cubrir una necesidad. No solo el proyecto es horrible, el rechazo no solo es de los oaxaque\u00f1os, ni los turistas entran ah\u00ed y eso lo saben bien los cocineros a quienes les entreg\u00f3 en usufructo dicho espacio construido con dinero p\u00fablico. Esos famosos chef ni las moscas atrajeron hasta que la primavera los ech\u00f3. El lugar es fr\u00edo y ajeno al calor y colorido de lo que es la cocina tradicional oaxaque\u00f1a. Sus 12 \u201cpuestos\u201d de comida semejan m\u00e1s las cruj\u00edas de una prisi\u00f3n que un lugar para disfrutar una rica tlayuda.<\/p>\n\n\n\n<p>De acuerdo, entonces, a la m\u00e9trica creada y fomentada por&nbsp;los propios pol\u00edticos, \u00bfD\u00f3nde est\u00e1n las obras de este gobierno? Para que&nbsp;no&nbsp;hagan caravana con sombrero ajeno, se deben eliminar como m\u00e9rito de este gobierno y de los cuatro anteriores, las carreteras al istmo, a la costa y el ferrocarril interoce\u00e1nico, que fue obra del gran general oaxaque\u00f1o Porfirio D\u00edaz, que tambi\u00e9n construy\u00f3 el puerto de Salina Cruz y que m\u00e1s de un siglo despu\u00e9s sigue funcionando casi en las mismas condiciones en&nbsp;las&nbsp;que \u00e9l lo dej\u00f3.<\/p>\n\n\n\n<p>No estoy de acuerdo con que las ferias realizadas en el Llano y las del c\u00e1rtel de las expos en las calles del centro hist\u00f3rico deban contar como&nbsp;obras realizadas. Tampoco las calendas estilo Disney que hicieron para festejar a los muertos ni el festival a un mole que es patrimonio cultural de Puebla, como lo es el mole de caderas.<\/p>\n\n\n\n<p>Tampoco creo que abonen&nbsp;como obras&nbsp;los cientos de millones usados para apoyar la campa\u00f1a de Claudia Sheinbaum, ya sea pintando bardas, colocando espectaculares y llenado de miles de acarreados el auditorio Guelaguetza. Mucho menos deben contar los cientos de anuncios espectaculares de los suspirantes locales que acaparan bardas, camiones y pasquines de sociales para promocionarse de manera ilegal.<\/p>\n\n\n\n<p>nestoryuri@yahoo.com<\/p>\n","protected":false},"excerpt":{"rendered":"<p>N\u00e9stor Y. S\u00e1nchez Islas Estamos a d\u00edas de cumplir un a\u00f1o viviendo en el&nbsp;ed\u00e9n primaveral&hellip;<\/p>\n","protected":false},"author":2,"featured_media":41861,"comment_status":"closed","ping_status":"open","sticky":false,"template":"","format":"standard","meta":{"_lmt_disableupdate":"","_lmt_disable":"","_jetpack_memberships_contains_paid_content":false,"footnotes":""},"categories":[456,109],"tags":[3050],"class_list":["post-62087","post","type-post","status-publish","format-standard","has-post-thumbnail","hentry","category-columna","category-minuto-a-minuto","tag-nestor-yuri-sanchez"],"jetpack_featured_media_url":"https:\/\/zonaroja.com.mx\/wp-content\/uploads\/2022\/05\/Opinion-Nestor-Yuri-Sanchez-Islas.jpg","jetpack_sharing_enabled":true,"_links":{"self":[{"href":"https:\/\/zonaroja.com.mx\/index.php?rest_route=\/wp\/v2\/posts\/62087","targetHints":{"allow":["GET"]}}],"collection":[{"href":"https:\/\/zonaroja.com.mx\/index.php?rest_route=\/wp\/v2\/posts"}],"about":[{"href":"https:\/\/zonaroja.com.mx\/index.php?rest_route=\/wp\/v2\/types\/post"}],"author":[{"embeddable":true,"href":"https:\/\/zonaroja.com.mx\/index.php?rest_route=\/wp\/v2\/users\/2"}],"replies":[{"embeddable":true,"href":"https:\/\/zonaroja.com.mx\/index.php?rest_route=%2Fwp%2Fv2%2Fcomments&post=62087"}],"version-history":[{"count":1,"href":"https:\/\/zonaroja.com.mx\/index.php?rest_route=\/wp\/v2\/posts\/62087\/revisions"}],"predecessor-version":[{"id":62088,"href":"https:\/\/zonaroja.com.mx\/index.php?rest_route=\/wp\/v2\/posts\/62087\/revisions\/62088"}],"wp:featuredmedia":[{"embeddable":true,"href":"https:\/\/zonaroja.com.mx\/index.php?rest_route=\/wp\/v2\/media\/41861"}],"wp:attachment":[{"href":"https:\/\/zonaroja.com.mx\/index.php?rest_route=%2Fwp%2Fv2%2Fmedia&parent=62087"}],"wp:term":[{"taxonomy":"category","embeddable":true,"href":"https:\/\/zonaroja.com.mx\/index.php?rest_route=%2Fwp%2Fv2%2Fcategories&post=62087"},{"taxonomy":"post_tag","embeddable":true,"href":"https:\/\/zonaroja.com.mx\/index.php?rest_route=%2Fwp%2Fv2%2Ftags&post=62087"}],"curies":[{"name":"wp","href":"https:\/\/api.w.org\/{rel}","templated":true}]}}