{"id":62092,"date":"2023-11-15T09:30:00","date_gmt":"2023-11-15T15:30:00","guid":{"rendered":"http:\/\/www.zonaroja.com.mx\/?p=62092"},"modified":"2023-11-14T22:15:58","modified_gmt":"2023-11-15T04:15:58","slug":"anuncia-multi-caravana-a-la-cdmx-para-exigir-cumplimiento-de-medidas-de-la-cidh","status":"publish","type":"post","link":"https:\/\/zonaroja.com.mx\/?p=62092","title":{"rendered":"Anuncia MULTI caravana a la Cdmx para exigir cumplimiento de medidas de la CIDH"},"content":{"rendered":"\n<p>Ismael Garc\u00eda M.\/Zona Roja.<\/p>\n\n\n\n<p>Oaxaca de Ju\u00e1rez, Oax., a 15 de noviembre de 2023.- El Movimiento de Unificaci\u00f3n y Lucha Triqui Independiente (MULTI) anunci\u00f3 la realizaci\u00f3n de una marcha-caravana a la Ciudad de M\u00e9xico, para exigir a los gobiernos federal y estatal el cumplimiento de las medidas cautelares de la CIDH.<\/p>\n\n\n\n<p>Fue el 1 de noviembre del 2023 en que la Comisi\u00f3n Interamericana de Derechos Humanos emiti\u00f3 medidas cautelares a las 144 familias desplazadas de Tierra Blanca Copala, Santiago Juxtlahuaca, desde hace casi tres a\u00f1os.<\/p>\n\n\n\n<p>\u201cD\u00e1ndole la raz\u00f3n al pueblo triqui, pues se demostr\u00f3 la falta de inter\u00e9s del gobierno federal y estatal en resolver el tema, incluso las mentiras y pr\u00e1cticas dilatorias a las que este recurri\u00f3 en sus informes para oponerse a la emisi\u00f3n de dichas medidas. A pesar de que en la misma resoluci\u00f3n se\u00f1ala un plazo de 15 d\u00edas para que M\u00e9xico env\u00ede el informe de aceptaci\u00f3n de dichas medidas\u201d.<\/p>\n\n\n\n<p>La movilizaci\u00f3n iniciar\u00e1 el 19 de noviembre de Yosoyuxi Copala y prev\u00e9n llegar al d\u00eda siguiente a Santa Mar\u00eda Asunci\u00f3n Coapan, Puebla.&nbsp;<\/p>\n\n\n\n<p>El 21 de noviembre parte de esa entidad hacia Santa Mar\u00eda Zacatepec, tambi\u00e9n Puebla, para arribar a la Casa de los Pueblos \u201cSamir Flores Soberanes\u201d de la Ciudad de M\u00e9xic.<\/p>\n\n\n\n<p>El d\u00eda 22 prev\u00e9n estar frente al Palacio Nacional de la capital del pa\u00eds, para exigir cumplimento a sus demandas, la principal de ella, el retorno de las 144 familias desplazadas de Tierra Blanca Copala desde diciembre del a\u00f1o 2020.<\/p>\n\n\n\n<p>En un comunicado, el MULTI record\u00f3 que hay otro grupo, de San Juan Copala y San Miguel Copala, que tambi\u00e9n fue desplazado de su lugar de origen desde el a\u00f1o 2010 y hasta ahora tampoco les han cumplido con el retorno seguro.<\/p>\n\n\n\n<p>\u201cDesde hace tres a\u00f1os, iniciamos la lucha por un retorno seguro con justicia y en dignidad de las 144 familias desplazadas de Tierra Blanca Copala, en ese caminar nos hemos encontrado con una simulaci\u00f3n del gobierno actual y desinter\u00e9s total del Estado mexicano por atender la exigencia de retorno, la atenci\u00f3n a mujeres, ni\u00f1os y ancianos desplazados de esta comunidad quienes viven en condiciones dif\u00edciles\u201d, reproch\u00f3 la organizaci\u00f3n.<\/p>\n\n\n\n<p>\u201cLa respuesta a nuestra demanda de retorno ha generado una total simulaci\u00f3n en mesas del llamado dialogo, instaladas por el Estado mexicano con su agenda gubernamental y sus planes justicia que nos son la nuestra; la apuesta al desgaste ha sido el sello descarado por parte de las instituciones de justicia que han hecho de todo, por no darle atenci\u00f3n a las viudas, hu\u00e9rfanos, heridos y sobrevivientes de esta ola de violencia y guerra contra nuestro pueblo\u201d, remarc\u00f3 el MULTI.<\/p>\n\n\n\n<p>\u201cNuestra caravana tiene el objeto de exigirle al Estado mexicano cumpla con las v\u00edctimas y adopte la MC 279-22 en donde se exige: Un retorno seguro de los habitantes de la comunidad triqui de Tierra Blanca Copala y justicia para las v\u00edctimas. Adem\u00e1s, de parar la guerra que han emprendido a trav\u00e9s de sus paramilitares y un alto a la criminalizaci\u00f3n de los defensores de derechos humanos del pueblo triqui\u201d, expuso en su comunicado.<\/p>\n","protected":false},"excerpt":{"rendered":"<p>Ismael Garc\u00eda M.\/Zona Roja. Oaxaca de Ju\u00e1rez, Oax., a 15 de noviembre de 2023.- El&hellip;<\/p>\n","protected":false},"author":2,"featured_media":37027,"comment_status":"closed","ping_status":"open","sticky":false,"template":"","format":"standard","meta":{"_lmt_disableupdate":"","_lmt_disable":"","_jetpack_memberships_contains_paid_content":false,"footnotes":""},"categories":[109,46],"tags":[2411],"class_list":["post-62092","post","type-post","status-publish","format-standard","has-post-thumbnail","hentry","category-minuto-a-minuto","category-zona-blanca","tag-movimiento-de-unificacion-y-lucha-triqui-independiente-multi"],"jetpack_featured_media_url":"https:\/\/zonaroja.com.mx\/wp-content\/uploads\/2022\/01\/MULTI-Movimiento-de-Unificacion-y-Lucha-Triqui-Independiente.jpg","jetpack_sharing_enabled":true,"_links":{"self":[{"href":"https:\/\/zonaroja.com.mx\/index.php?rest_route=\/wp\/v2\/posts\/62092","targetHints":{"allow":["GET"]}}],"collection":[{"href":"https:\/\/zonaroja.com.mx\/index.php?rest_route=\/wp\/v2\/posts"}],"about":[{"href":"https:\/\/zonaroja.com.mx\/index.php?rest_route=\/wp\/v2\/types\/post"}],"author":[{"embeddable":true,"href":"https:\/\/zonaroja.com.mx\/index.php?rest_route=\/wp\/v2\/users\/2"}],"replies":[{"embeddable":true,"href":"https:\/\/zonaroja.com.mx\/index.php?rest_route=%2Fwp%2Fv2%2Fcomments&post=62092"}],"version-history":[{"count":1,"href":"https:\/\/zonaroja.com.mx\/index.php?rest_route=\/wp\/v2\/posts\/62092\/revisions"}],"predecessor-version":[{"id":62093,"href":"https:\/\/zonaroja.com.mx\/index.php?rest_route=\/wp\/v2\/posts\/62092\/revisions\/62093"}],"wp:featuredmedia":[{"embeddable":true,"href":"https:\/\/zonaroja.com.mx\/index.php?rest_route=\/wp\/v2\/media\/37027"}],"wp:attachment":[{"href":"https:\/\/zonaroja.com.mx\/index.php?rest_route=%2Fwp%2Fv2%2Fmedia&parent=62092"}],"wp:term":[{"taxonomy":"category","embeddable":true,"href":"https:\/\/zonaroja.com.mx\/index.php?rest_route=%2Fwp%2Fv2%2Fcategories&post=62092"},{"taxonomy":"post_tag","embeddable":true,"href":"https:\/\/zonaroja.com.mx\/index.php?rest_route=%2Fwp%2Fv2%2Ftags&post=62092"}],"curies":[{"name":"wp","href":"https:\/\/api.w.org\/{rel}","templated":true}]}}