{"id":62103,"date":"2023-11-15T10:30:00","date_gmt":"2023-11-15T16:30:00","guid":{"rendered":"http:\/\/www.zonaroja.com.mx\/?p=62103"},"modified":"2023-11-15T07:46:23","modified_gmt":"2023-11-15T13:46:23","slug":"denuncia-docente-de-bellas-artes-uabjo-acoso-e-intimidacion","status":"publish","type":"post","link":"https:\/\/zonaroja.com.mx\/?p=62103","title":{"rendered":"Denuncia docente de Bellas Artes UABJO acoso e intimidaci\u00f3n"},"content":{"rendered":"\n<p>Ismael Garc\u00eda M.\/Zona Roja.<\/p>\n\n\n\n<p>Oaxaca de Ju\u00e1rez, Oax., a 15 de noviembre de 2023.- Una catedr\u00e1tica y alumna consejera universitaria de la Facultad de Bellas Artes de la UABJO denunci\u00f3 que, por criticar decisiones de la direcci\u00f3n y diversas anomal\u00edas, ha sido v\u00edctima de acoso, hostigamiento e intimidaci\u00f3n.<\/p>\n\n\n\n<p>A trav\u00e9s de una carta p\u00fablica, dirigida a las autoridades de la Universidad Aut\u00f3noma \u00abBenito Ju\u00e1rez\u00bb de Oaxaca, Mar\u00eda Eugenia Rojas Silva sostuvo que desde hace tiempo, no coincide con el nepotismo e injusticias que ocurren al interior de la Facultad de Bellas Artes.&nbsp;<\/p>\n\n\n\n<p>\u201cEn mi funci\u00f3n de consejera universitaria propietaria alumna de la Licenciatura en M\u00fasica, tengo la responsabilidad y el deber de escuchar al alumnado, por lo que he expresado las inconformidades de la comunidad, se\u00f1alando las situaciones an\u00f3malas que se dan en la direcci\u00f3n de la maestra Liliana Garc\u00eda Valent\u00edn, quien comenz\u00f3 una serie de acosos e intimidaci\u00f3n hacia mi persona, por manifestar mi desacuerdo\u201d.<\/p>\n\n\n\n<p>Detall\u00f3 que el 7 de septiembre del presente a\u00f1o, empezaron a circular mensajes de texto desde un n\u00famero desconocido, los cuales fueron enviados a la mayor\u00eda de los estudiantes de la Instructor\u00eda y la Licenciatura en M\u00fasica, as\u00ed como a los docentes.&nbsp;<\/p>\n\n\n\n<p>\u201cEn dichos mensajes se difundi\u00f3 mi informaci\u00f3n laboral, detalles de n\u00f3mina, incitando el odio hacia mi persona, promoviendo la intimidaci\u00f3n y la difamaci\u00f3n.<\/p>\n\n\n\n<p>Mis compa\u00f1eros de la Facultad preguntaron qu\u00e9 ocurr\u00eda y por qu\u00e9 se hab\u00edan utilizado sus n\u00fameros telef\u00f3nicos, puesto que no hab\u00edan autorizado el uso para tales fines.&nbsp;<\/p>\n\n\n\n<p>\u201cTambi\u00e9n se divulgaron las n\u00f3minas de otros profesores aparentando ser las m\u00edas, con otras cantidades de dinero, estas fueron enviadas para ser vistas una sola vez o inmediatamente al ser le\u00eddo, eliminaban la informaci\u00f3n\u201d.<\/p>\n\n\n\n<p>La docente-alumna detall\u00f3 que tras la problem\u00e1tica, expuso el hecho ante la direcci\u00f3n y el coordinador del \u00e1rea de m\u00fasica.<\/p>\n\n\n\n<p>\u201cSin embargo, no obtuve respuesta, la acci\u00f3n de la directora y del maestro Josu\u00e9 Lucio Rodriguez Couti\u00f1o, fue utilizar los grupos institucionales de WhatsApp que administran, para se\u00f1alar que mi caso estaba siendo revisado por el abogado general de la UABJO, situaci\u00f3n que desconoc\u00eda, as\u00ed que decid\u00ed solicitar la informaci\u00f3n correspondiente.&nbsp;<\/p>\n\n\n\n<p>\u201cEn el transcurso del d\u00eda, enviaron mensajes a mis compa\u00f1eros, argumentando que la comunidad hab\u00eda escrito un oficio en mi contra como descontento por ser docente y solicitaban mi renuncia, pero esto es falso porque soy representante y me mantengo en comunicaci\u00f3n con el alumnado.&nbsp;<\/p>\n\n\n\n<p>\u201cDespu\u00e9s, me notificaron que mi destituci\u00f3n se deb\u00eda a que era beneficiaria de becas.<\/p>\n\n\n\n<p>\u201cPosteriormente, fui amenazada para que no hiciera ning\u00fan movimiento en contra de la direcci\u00f3n, que me mantuviera en silencio y renunciara a mi trabajo. Todo esto por \u00f3rdenes de la direcci\u00f3n mediante terceros\u201d.<\/p>\n\n\n\n<p>Rojas Silva agreg\u00f3 que tambi\u00e9n se violentaron sus derechos como trabajadora al no permitirle dar clases.&nbsp;<\/p>\n\n\n\n<p>\u201cMe quitaron mis clases, para que ya no estuviera en contacto con los alumnos, este acto se llev\u00f3 a cabo en presencia del coordinador del \u00e1rea de m\u00fasica, a quien se le pidi\u00f3 ayuda y conoci\u00f3 todo mi caso, pero decidi\u00f3 no involucrarse, al igual que el Coordinador General de Gesti\u00f3n Cultural y Programaci\u00f3n&nbsp;<\/p>\n\n\n\n<p>Art\u00edstica. En ese momento se mencion\u00f3 que dejar\u00eda de dar clases dada mi situaci\u00f3n, pero que me iban a \u2018acomodar\u2019\u201d.<\/p>\n\n\n\n<p>Abund\u00f3 que a\u00fan desconoce su situaci\u00f3n laboral pues no le han proporcionado informaci\u00f3n, pero el acoso e intimidaci\u00f3n ha llegado al grado en que quieren que abandone la escuela, \u201cpues me han amenazado con truncarme la carrera, desaparecer mi expediente y el de mis amigos quienes me apoyen, puesto que la comunidad no se qued\u00f3 quieta ante las amenazas sutiles en los grupos institucionales en mi contra. Mis compa\u00f1eros tambi\u00e9n fueron amenazados con sus expedientes\u201d.<\/p>\n\n\n\n<p>Por ello, la docente exigi\u00f3 su reinstalaci\u00f3n frente a grupo como docente de la Facultad de Bellas Artes; respeto y seguridad para concluir su licenciatura. Responsabiliz\u00f3 a la Direcci\u00f3n de la Facultad de Bellas Artes de cualquier represalia f\u00edsica, psicol\u00f3gica, acad\u00e9mica y laboral que pueda ocurrir a ella y a sus compa\u00f1eros o a quienes decidan apoyarle.<\/p>\n","protected":false},"excerpt":{"rendered":"<p>Ismael Garc\u00eda M.\/Zona Roja. Oaxaca de Ju\u00e1rez, Oax., a 15 de noviembre de 2023.- Una&hellip;<\/p>\n","protected":false},"author":2,"featured_media":62104,"comment_status":"closed","ping_status":"open","sticky":false,"template":"","format":"standard","meta":{"_lmt_disableupdate":"","_lmt_disable":"","_jetpack_memberships_contains_paid_content":false,"footnotes":""},"categories":[109,47],"tags":[239],"class_list":["post-62103","post","type-post","status-publish","format-standard","has-post-thumbnail","hentry","category-minuto-a-minuto","category-zona-gris","tag-uabjo"],"jetpack_featured_media_url":"https:\/\/zonaroja.com.mx\/wp-content\/uploads\/2023\/11\/Denuncia-Facultad-de-Bellas-Artes-UABJO.jpg","jetpack_sharing_enabled":true,"_links":{"self":[{"href":"https:\/\/zonaroja.com.mx\/index.php?rest_route=\/wp\/v2\/posts\/62103","targetHints":{"allow":["GET"]}}],"collection":[{"href":"https:\/\/zonaroja.com.mx\/index.php?rest_route=\/wp\/v2\/posts"}],"about":[{"href":"https:\/\/zonaroja.com.mx\/index.php?rest_route=\/wp\/v2\/types\/post"}],"author":[{"embeddable":true,"href":"https:\/\/zonaroja.com.mx\/index.php?rest_route=\/wp\/v2\/users\/2"}],"replies":[{"embeddable":true,"href":"https:\/\/zonaroja.com.mx\/index.php?rest_route=%2Fwp%2Fv2%2Fcomments&post=62103"}],"version-history":[{"count":1,"href":"https:\/\/zonaroja.com.mx\/index.php?rest_route=\/wp\/v2\/posts\/62103\/revisions"}],"predecessor-version":[{"id":62105,"href":"https:\/\/zonaroja.com.mx\/index.php?rest_route=\/wp\/v2\/posts\/62103\/revisions\/62105"}],"wp:featuredmedia":[{"embeddable":true,"href":"https:\/\/zonaroja.com.mx\/index.php?rest_route=\/wp\/v2\/media\/62104"}],"wp:attachment":[{"href":"https:\/\/zonaroja.com.mx\/index.php?rest_route=%2Fwp%2Fv2%2Fmedia&parent=62103"}],"wp:term":[{"taxonomy":"category","embeddable":true,"href":"https:\/\/zonaroja.com.mx\/index.php?rest_route=%2Fwp%2Fv2%2Fcategories&post=62103"},{"taxonomy":"post_tag","embeddable":true,"href":"https:\/\/zonaroja.com.mx\/index.php?rest_route=%2Fwp%2Fv2%2Ftags&post=62103"}],"curies":[{"name":"wp","href":"https:\/\/api.w.org\/{rel}","templated":true}]}}