{"id":62107,"date":"2023-11-15T16:01:05","date_gmt":"2023-11-15T22:01:05","guid":{"rendered":"http:\/\/www.zonaroja.com.mx\/?p=62107"},"modified":"2023-11-15T16:01:07","modified_gmt":"2023-11-15T22:01:07","slug":"retiene-seccion-22-del-snte-a-funcionarios-y-diputados-en-congreso-por-cuatro-horas","status":"publish","type":"post","link":"https:\/\/zonaroja.com.mx\/?p=62107","title":{"rendered":"Retiene Secci\u00f3n 22 del SNTE a funcionarios y diputados en Congreso, por cuatro horas"},"content":{"rendered":"\n<p>Yuridiana Sosa\/Zona Roja. &nbsp;<\/p>\n\n\n\n<p>Oaxaca de Ju\u00e1rez, Oax., a 15 de noviembre de 2023.- La Secci\u00f3n 22 del Sindicato Nacional de Trabajadores de la Educaci\u00f3n (SNTE) cerc\u00f3 el Congreso de Oaxaca en el marco de la entrega del primer informe de gobierno de Salom\u00f3n Jara Cruz, lo que deriv\u00f3 en la retenci\u00f3n de funcionarios y diputados por m\u00e1s de cuatro horas y en conatos de bronca.&nbsp;<\/p>\n\n\n\n<p>Cerca de las 07:00 horas, el magisterio comenz\u00f3 con movilizaciones en el z\u00f3calo de la capital del estado, en protesta contra el primer a\u00f1o de administraci\u00f3n de Morena en Oaxaca, y cerca de las 11:00 horas un grupo se desplaz\u00f3 a la sede de la C\u00e1mara de Diputados en San Raymundo Jalpan, donde se realiz\u00f3 la sesi\u00f3n solemne para recibir el informe de gobierno.\u00a0<\/p>\n\n\n\n<p>La gremial no acudi\u00f3 a la sesi\u00f3n, pero lleg\u00f3 minutos antes del retiro de diputados y de un grupo de funcionarios encabezados por el secretario de Gobierno, Jes\u00fas Romero, quien acudi\u00f3 en representaci\u00f3n del gobernador.&nbsp;<\/p>\n\n\n\n<p>Pese a que la presencia de la Secci\u00f3n 22, perteneciente a la Coordinadora Nacional de Trabajadores de la Educaci\u00f3n (CNTE), no fue masiva, la gremial logr\u00f3 cerrar todos los accesos del complejo legislativo ante la falta de un operativo de seguridad, pues tampoco se instalaron vallas met\u00e1licas para su resguardo, como ocurri\u00f3 con el Palacio de Gobierno.&nbsp;<\/p>\n\n\n\n<p>BUSCAN SALIDA&nbsp;<\/p>\n\n\n\n<p>Apenas terminada la Sesi\u00f3n Solemne, la gremial arrib\u00f3 al Congreso del Estado, justo a tiempo para impedir la salida de los funcionarios del gabinete de Salom\u00f3n Jara, quienes trataron de buscar salida, sin \u00e9xito.&nbsp;<\/p>\n\n\n\n<p>Empleados del gobierno movilizaron de puerta en puerta a los servidores. Uno de los funcionarios, identificado como Diego de la Cruz, desplaz\u00f3 a Jes\u00fas Romero y sus acompa\u00f1antes hacia la puerta 2, donde supuestamente hab\u00eda condiciones para su salida, pero al llegar al punto ya se encontraba la Secci\u00f3n 22.&nbsp;<\/p>\n\n\n\n<p>Luego de otros intentos, los trabajadores del gobierno y de seguridad del Congreso del estado intentaron abrir por la fuerza el port\u00f3n, pero los integrantes de la gremial reaccionaron de forma violenta e impidieron la apertura del acceso. &nbsp;<\/p>\n\n\n\n<p>PROTESTA&nbsp;<\/p>\n\n\n\n<p>Desde temprana hora, la dirigencia seccional fij\u00f3, desde el z\u00f3calo de la ciudad, su posicionamiento&nbsp;sobre el primer informe de gobierno de Salom\u00f3n Jara. &nbsp;<\/p>\n\n\n\n<p>La Secci\u00f3n 22 del SNTE se\u00f1al\u00f3 que no existen cambios en la actual administraci\u00f3n de la cuarta transformaci\u00f3n, por lo que consideraron que los datos que se presentan en el primer informe no son el reflejo de la realidad del estado.&nbsp;<\/p>\n\n\n\n<p>En cuanto al tema educativo, destac\u00f3, no se han cubierto las necesidades importantes, como es la contrataci\u00f3n de docentes en diversos niveles.&nbsp;<\/p>\n\n\n\n<p>Durante su estancia en el z\u00f3calo, el magisterio retir\u00f3 las sillas que el gobierno hab\u00eda instalado en el z\u00f3calo para el informe p\u00fablico del mandatario.&nbsp;<\/p>\n\n\n\n<p>Mientras que, por tercer d\u00eda consecutivo, la delegaci\u00f3n regional del Istmo volvi\u00f3 a instalar bloqueos en su zona en exigencia al gobierno estatal y federal para el cumplimiento de su pliego de demandas.&nbsp;<\/p>\n\n\n\n<p>MENSAJE AL PUEBLO&nbsp;<\/p>\n\n\n\n<p>En representaci\u00f3n del gobernador Salom\u00f3n Jara, el secretario general Jes\u00fas Romero L\u00f3pez, emiti\u00f3 el mensaje sobre la entrega del primer a\u00f1o de gobierno emanado de Morena.&nbsp;<\/p>\n\n\n\n<p>Esta entrega, dijo, \u201cMarca un a\u00f1o como una nueva etapa en la administraci\u00f3n p\u00fablica y vida pol\u00edtica del estado&#8230;no significa solamente un acto protocolario, si no representa&nbsp;un compromiso del gobernador Salom\u00f3n Jara con los poderes del estado y con el pueblo\u201d. &nbsp;<\/p>\n\n\n\n<p>&nbsp;Asegur\u00f3 que en esta nueva administraci\u00f3n est\u00e1n comprometidos por sentar precedentes de una gesti\u00f3n transparente y&nbsp;con resultados, como lo hace el presidente Andr\u00e9s Manuel L\u00f3pez Obrador. &nbsp;<\/p>\n\n\n\n<p>La transparencia es un compromiso de su gobierno, as\u00ed como la rendici\u00f3n de cuentas es fundamental. &nbsp;<\/p>\n\n\n\n<p>Romero L\u00f3pez asegur\u00f3: \u201cQueremos que esta gesti\u00f3n sea recordada no solo por los logros tangibles, sino tambi\u00e9n por la huella de honestidad, trabajo y cercan\u00eda que dejaremos en el coraz\u00f3n de Oaxaca\u201d.<\/p>\n","protected":false},"excerpt":{"rendered":"<p>Yuridiana Sosa\/Zona Roja. &nbsp; Oaxaca de Ju\u00e1rez, Oax., a 15 de noviembre de 2023.- La&hellip;<\/p>\n","protected":false},"author":2,"featured_media":62108,"comment_status":"closed","ping_status":"open","sticky":false,"template":"","format":"standard","meta":{"_lmt_disableupdate":"","_lmt_disable":"","_jetpack_memberships_contains_paid_content":false,"footnotes":""},"categories":[109,47],"tags":[2743],"class_list":["post-62107","post","type-post","status-publish","format-standard","has-post-thumbnail","hentry","category-minuto-a-minuto","category-zona-gris","tag-65-legislatura-del-estado-de-oaxaca"],"jetpack_featured_media_url":"https:\/\/zonaroja.com.mx\/wp-content\/uploads\/2023\/11\/Funcionarios-retenidos-por-Seccion-22-en-Congreso.jpg","jetpack_sharing_enabled":true,"_links":{"self":[{"href":"https:\/\/zonaroja.com.mx\/index.php?rest_route=\/wp\/v2\/posts\/62107","targetHints":{"allow":["GET"]}}],"collection":[{"href":"https:\/\/zonaroja.com.mx\/index.php?rest_route=\/wp\/v2\/posts"}],"about":[{"href":"https:\/\/zonaroja.com.mx\/index.php?rest_route=\/wp\/v2\/types\/post"}],"author":[{"embeddable":true,"href":"https:\/\/zonaroja.com.mx\/index.php?rest_route=\/wp\/v2\/users\/2"}],"replies":[{"embeddable":true,"href":"https:\/\/zonaroja.com.mx\/index.php?rest_route=%2Fwp%2Fv2%2Fcomments&post=62107"}],"version-history":[{"count":1,"href":"https:\/\/zonaroja.com.mx\/index.php?rest_route=\/wp\/v2\/posts\/62107\/revisions"}],"predecessor-version":[{"id":62109,"href":"https:\/\/zonaroja.com.mx\/index.php?rest_route=\/wp\/v2\/posts\/62107\/revisions\/62109"}],"wp:featuredmedia":[{"embeddable":true,"href":"https:\/\/zonaroja.com.mx\/index.php?rest_route=\/wp\/v2\/media\/62108"}],"wp:attachment":[{"href":"https:\/\/zonaroja.com.mx\/index.php?rest_route=%2Fwp%2Fv2%2Fmedia&parent=62107"}],"wp:term":[{"taxonomy":"category","embeddable":true,"href":"https:\/\/zonaroja.com.mx\/index.php?rest_route=%2Fwp%2Fv2%2Fcategories&post=62107"},{"taxonomy":"post_tag","embeddable":true,"href":"https:\/\/zonaroja.com.mx\/index.php?rest_route=%2Fwp%2Fv2%2Ftags&post=62107"}],"curies":[{"name":"wp","href":"https:\/\/api.w.org\/{rel}","templated":true}]}}