{"id":62110,"date":"2023-11-15T20:10:03","date_gmt":"2023-11-16T02:10:03","guid":{"rendered":"http:\/\/www.zonaroja.com.mx\/?p=62110"},"modified":"2023-11-15T20:10:05","modified_gmt":"2023-11-16T02:10:05","slug":"agrede-magisterio-de-oaxaca-a-periodistas-en-dos-ocasiones","status":"publish","type":"post","link":"https:\/\/zonaroja.com.mx\/?p=62110","title":{"rendered":"Agrede magisterio de Oaxaca a periodistas en dos ocasiones\u00a0"},"content":{"rendered":"\n<p>Yuridiana Sosa\/Zona Roja.&nbsp;<\/p>\n\n\n\n<p>Oaxaca de Ju\u00e1rez, Oax., a 15 de noviembre de 2023.- Por ejercer su labor, una veintena de periodistas de Oaxaca fueron retenidos y agredidos de manera f\u00edsica por integrantes de la Secci\u00f3n 22 del Sindicato Nacional de Trabajadores de la Educaci\u00f3n (SNTE) en el Congreso de Oaxaca y despu\u00e9s durante una marcha en rechazo al primer informe de gobierno.&nbsp;<\/p>\n\n\n\n<p>Por la ma\u00f1ana, los integrantes de los medios de comunicaci\u00f3n asistieron a la sede del Poder Legislativo, en el municipio de San Raymundo Jalpan, para cubrir la entrega del primer informe del mandatario Salom\u00f3n Jara, por parte del secretario de Gobierno, Jes\u00fas Romero, e integrantes del gabinete. &nbsp;<\/p>\n\n\n\n<p>Luego de m\u00e1s de cuatro horas de permanecer retenidos \u2014al igual que funcionarios y diputados\u2014&nbsp;y solicitar varias veces \u201cpermiso\u201d al magisterio para salir, los comunicadores lograron su libertad, sin embargo, fueron agredidos por los manifestantes.&nbsp;<\/p>\n\n\n\n<p>Sin motivo alguno, integrantes del magisterio que cubr\u00edan el acceso principal del Congreso&nbsp;comenzaron a lanzar manotazos y ofensas a los reporteros durante su salida, as\u00ed como intentar retener a otros.&nbsp;<\/p>\n\n\n\n<p>Cerca de las 11:00 horas, la Secci\u00f3n 22 del SNTE lleg\u00f3 a la sede del Congreso del Estado en San Raymundo Jalpan para manifestarse contra el primer informe de gobierno.&nbsp;<\/p>\n\n\n\n<p>En su inconformidad, \u201ctomaron\u201d todos los accesos del complejo legislativo, en el que quedaron retenidos funcionarios encabezados por el secretario de Gobierno, Jes\u00fas Romero L\u00f3pez, en representaci\u00f3n del gobernador Salom\u00f3n Jara Cruz, as\u00ed como diputados.&nbsp;<\/p>\n\n\n\n<p>Horas antes, la Secci\u00f3n 22 del SNTE hab\u00eda convocado a los medios de comunicaci\u00f3n a cubrir la conferencia de prensa sobre su rechazo al primer informe de gobierno y su jornada de protesta.&nbsp;<\/p>\n\n\n\n<p>ARRECIA JORNADA&nbsp;<\/p>\n\n\n\n<p>Por la tarde, el magisterio encabezado por la dirigente Yenny Aracely P\u00e9rez Mart\u00ednez radicaliz\u00f3 su jornada de protestas y emprendieron una marcha del Centro Hist\u00f3rico de Oaxaca al auditorio Guelaguetza, donde el gobernador Salom\u00f3n Jara program\u00f3 su informe p\u00fablico. &nbsp;<\/p>\n\n\n\n<p>En inmediaciones del auditorio, en el cerro del Fort\u00edn, el fotoperiodista Hugo Velasco, de radio ORO, entre otros medios, fue retenido por un grupo de maestros. &nbsp;<\/p>\n\n\n\n<p>Los integrantes de la Secci\u00f3n 22 del SNTE le quitaron su celular con la intenci\u00f3n de borrar el material que el reportero capt\u00f3 de la movilizaci\u00f3n; otro comunicador, Miguel \u00c1ngel Luna, tambi\u00e9n fue amenazado por grabar el hecho.<\/p>\n\n\n\n<p>Al final y tras varios jaloneos, y sin disculpa alguna, le fue regresado su tel\u00e9fono al periodista.<\/p>\n","protected":false},"excerpt":{"rendered":"<p>Yuridiana Sosa\/Zona Roja.&nbsp; Oaxaca de Ju\u00e1rez, Oax., a 15 de noviembre de 2023.- Por ejercer&hellip;<\/p>\n","protected":false},"author":2,"featured_media":62111,"comment_status":"closed","ping_status":"open","sticky":false,"template":"","format":"standard","meta":{"_lmt_disableupdate":"","_lmt_disable":"","_jetpack_memberships_contains_paid_content":false,"footnotes":""},"categories":[109,47],"tags":[312],"class_list":["post-62110","post","type-post","status-publish","format-standard","has-post-thumbnail","hentry","category-minuto-a-minuto","category-zona-gris","tag-seccion-22-del-snte"],"jetpack_featured_media_url":"https:\/\/zonaroja.com.mx\/wp-content\/uploads\/2023\/11\/Seccion-22-agrede-a-prensa-Oaxaca-periodistas.jpg","jetpack_sharing_enabled":true,"_links":{"self":[{"href":"https:\/\/zonaroja.com.mx\/index.php?rest_route=\/wp\/v2\/posts\/62110","targetHints":{"allow":["GET"]}}],"collection":[{"href":"https:\/\/zonaroja.com.mx\/index.php?rest_route=\/wp\/v2\/posts"}],"about":[{"href":"https:\/\/zonaroja.com.mx\/index.php?rest_route=\/wp\/v2\/types\/post"}],"author":[{"embeddable":true,"href":"https:\/\/zonaroja.com.mx\/index.php?rest_route=\/wp\/v2\/users\/2"}],"replies":[{"embeddable":true,"href":"https:\/\/zonaroja.com.mx\/index.php?rest_route=%2Fwp%2Fv2%2Fcomments&post=62110"}],"version-history":[{"count":1,"href":"https:\/\/zonaroja.com.mx\/index.php?rest_route=\/wp\/v2\/posts\/62110\/revisions"}],"predecessor-version":[{"id":62112,"href":"https:\/\/zonaroja.com.mx\/index.php?rest_route=\/wp\/v2\/posts\/62110\/revisions\/62112"}],"wp:featuredmedia":[{"embeddable":true,"href":"https:\/\/zonaroja.com.mx\/index.php?rest_route=\/wp\/v2\/media\/62111"}],"wp:attachment":[{"href":"https:\/\/zonaroja.com.mx\/index.php?rest_route=%2Fwp%2Fv2%2Fmedia&parent=62110"}],"wp:term":[{"taxonomy":"category","embeddable":true,"href":"https:\/\/zonaroja.com.mx\/index.php?rest_route=%2Fwp%2Fv2%2Fcategories&post=62110"},{"taxonomy":"post_tag","embeddable":true,"href":"https:\/\/zonaroja.com.mx\/index.php?rest_route=%2Fwp%2Fv2%2Ftags&post=62110"}],"curies":[{"name":"wp","href":"https:\/\/api.w.org\/{rel}","templated":true}]}}