{"id":62113,"date":"2023-11-15T20:28:25","date_gmt":"2023-11-16T02:28:25","guid":{"rendered":"http:\/\/www.zonaroja.com.mx\/?p=62113"},"modified":"2023-11-15T20:28:27","modified_gmt":"2023-11-16T02:28:27","slug":"coadyuva-fiscalia-de-oaxaca-a-prevenir-el-maltrato-animal","status":"publish","type":"post","link":"https:\/\/zonaroja.com.mx\/?p=62113","title":{"rendered":"Coadyuva Fiscal\u00eda de Oaxaca a prevenir el maltrato animal"},"content":{"rendered":"\n<p>Redacci\u00f3n\/Zona Roja.&nbsp;<\/p>\n\n\n\n<p>Oaxaca de Ju\u00e1rez, Oax., a 15 de noviembre de 2023.- Al participar en el arranque del foro \u201cLa prevenci\u00f3n de la violencia hacia los animales como estrategia de seguridad ciudadana\u201d, el fiscal General del Estado, Bernardo Rodr\u00edguez Alamilla, advirti\u00f3 que el maltrato animal es la antesala de la violencia social, por ello, es importante realizar acciones que ayuden a visibilizar el problema y sensibilizar respecto a la importancia de prevenirlo, pues, esto contribuye en el fortalecimiento de la seguridad p\u00fablica.<\/p>\n\n\n\n<p>En el evento convocado por la titular del Secretariado Ejecutivo del Sistema Estatal de Seguridad P\u00fablica, Karina Bar\u00f3n Ortiz, estuvieron presentes el secretario de Seguridad P\u00fablica y Protecci\u00f3n Ciudadana, Iv\u00e1n Garc\u00eda \u00c1lvarez; la diputada, Haydd\u00e9 Reyes Soto; el delegado de la Secretar\u00eda de Gobernaci\u00f3n, Jos\u00e9 Carlos Fuentes Ordaz; el coronel de Artiller\u00eda Diplomado del Estado Mayor, Francisco Javier Reynoso; el inspector de la Guardia Nacional, Guillermo Gonz\u00e1lez Gonz\u00e1lez.<\/p>\n\n\n\n<p>En este marco, el Fiscal Bernardo Rodr\u00edguez Alamilla resalt\u00f3 que &nbsp;la instituci\u00f3n procuradora de justicia puso en marcha la Unidad Especializada en Contra del Maltrato Animal como medida para atender estos delitos.<\/p>\n\n\n\n<p>Y detall\u00f3 que en lo que va del a\u00f1o la Fiscal\u00eda General del Estado ha iniciado 125 carpetas relacionadas con crueldad y agon\u00eda animal vertebrado, as\u00ed como 17 investigaciones por privaci\u00f3n de la vida de animal vertebrado, esto con el objetivo de hacer justiciable lo planteado en el Art\u00edculo 419 de C\u00f3digo penal.<\/p>\n\n\n\n<p>La titular del Secretariado Ejecutivo de Seguridad P\u00fablica, Karina Bar\u00f3n Ortiz dijo que hay que desnormalizar la violencia contra los animales y para hacerlo se debe visibilizar la existencia de este problema y mostrar rechazo hacia la crueldad contra los animales, porque este tipo de conductas funcionan como antecedente a otros tipos de violencia, especialmente con el delito de violencia familiar.<\/p>\n\n\n\n<p>Por ello, sostuvo, se impulsan estrategias como estas en las que se da seguimiento al dec\u00e1logo de acciones para atender la violencia contra los animales, pues con ello se podr\u00e1 fortalecer la estrategia de seguridad ciudadana permitiendo brindar m\u00e1s y mejores resultados a la ciudadan\u00eda.<\/p>\n\n\n\n<p>Por su parte, el secretario de Seguridad P\u00fablica, Iv\u00e1n Garc\u00eda \u00c1lvarez sostuvo que la seguridad ciudadana es un tema que debe abordarse desde una visi\u00f3n integral y que requiere respuestas interinstitucionales que permitan a las corporaciones de seguridad brindar mejores resultados, por ello, es importante visibilizar problemas como el maltrato animal, pues existe una relaci\u00f3n entre este fen\u00f3meno y la violencia social.<\/p>\n\n\n\n<p>Finalmente, la Fiscal\u00eda General del Estado participa en estos procesos como parte de sus acciones para lograr atender en forma integral y eficaz el fen\u00f3meno delictivo, y lograr avanzar en los procesos de reingenier\u00eda institucional.&nbsp;<\/p>\n","protected":false},"excerpt":{"rendered":"<p>Redacci\u00f3n\/Zona Roja.&nbsp; Oaxaca de Ju\u00e1rez, Oax., a 15 de noviembre de 2023.- Al participar en&hellip;<\/p>\n","protected":false},"author":2,"featured_media":62106,"comment_status":"closed","ping_status":"open","sticky":false,"template":"","format":"standard","meta":{"_lmt_disableupdate":"","_lmt_disable":"","_jetpack_memberships_contains_paid_content":false,"footnotes":""},"categories":[109,46],"tags":[494],"class_list":["post-62113","post","type-post","status-publish","format-standard","has-post-thumbnail","hentry","category-minuto-a-minuto","category-zona-blanca","tag-fiscalia-general-del-estado-de-oaxaca"],"jetpack_featured_media_url":"https:\/\/zonaroja.com.mx\/wp-content\/uploads\/2023\/11\/BOLETIN-471-Prevenir-maltrato-animal-coadyuva-en-el-fortalecimiento-de-la-seguridad-publica-Rodriguez-Alamilla-2.jpeg","jetpack_sharing_enabled":true,"_links":{"self":[{"href":"https:\/\/zonaroja.com.mx\/index.php?rest_route=\/wp\/v2\/posts\/62113","targetHints":{"allow":["GET"]}}],"collection":[{"href":"https:\/\/zonaroja.com.mx\/index.php?rest_route=\/wp\/v2\/posts"}],"about":[{"href":"https:\/\/zonaroja.com.mx\/index.php?rest_route=\/wp\/v2\/types\/post"}],"author":[{"embeddable":true,"href":"https:\/\/zonaroja.com.mx\/index.php?rest_route=\/wp\/v2\/users\/2"}],"replies":[{"embeddable":true,"href":"https:\/\/zonaroja.com.mx\/index.php?rest_route=%2Fwp%2Fv2%2Fcomments&post=62113"}],"version-history":[{"count":1,"href":"https:\/\/zonaroja.com.mx\/index.php?rest_route=\/wp\/v2\/posts\/62113\/revisions"}],"predecessor-version":[{"id":62114,"href":"https:\/\/zonaroja.com.mx\/index.php?rest_route=\/wp\/v2\/posts\/62113\/revisions\/62114"}],"wp:featuredmedia":[{"embeddable":true,"href":"https:\/\/zonaroja.com.mx\/index.php?rest_route=\/wp\/v2\/media\/62106"}],"wp:attachment":[{"href":"https:\/\/zonaroja.com.mx\/index.php?rest_route=%2Fwp%2Fv2%2Fmedia&parent=62113"}],"wp:term":[{"taxonomy":"category","embeddable":true,"href":"https:\/\/zonaroja.com.mx\/index.php?rest_route=%2Fwp%2Fv2%2Fcategories&post=62113"},{"taxonomy":"post_tag","embeddable":true,"href":"https:\/\/zonaroja.com.mx\/index.php?rest_route=%2Fwp%2Fv2%2Ftags&post=62113"}],"curies":[{"name":"wp","href":"https:\/\/api.w.org\/{rel}","templated":true}]}}