{"id":62118,"date":"2023-11-15T21:57:54","date_gmt":"2023-11-16T03:57:54","guid":{"rendered":"http:\/\/www.zonaroja.com.mx\/?p=62118"},"modified":"2023-11-16T18:06:27","modified_gmt":"2023-11-17T00:06:27","slug":"registra-el-istmo-dos-personas-asesinadas-una-de-ellas-encostalada","status":"publish","type":"post","link":"https:\/\/zonaroja.com.mx\/?p=62118","title":{"rendered":"Registra el Istmo dos personas asesinadas, una de ellas \u201cencostalada\u201d"},"content":{"rendered":"\n<p>Redacci\u00f3n\/Zona Roja.<\/p>\n\n\n\n<p>Oaxaca de Ju\u00e1rez, Oax., a 15 de noviembre de 2023.- Dos personas fueron asesinadas este mi\u00e9rcoles en la regi\u00f3n del Istmo de Tehuantepec, una de ellas con huellas de violencia y envuelta en cobijas.<\/p>\n\n\n\n<p>En Juchit\u00e1n de Zaragoza, sobre un camino de terracer\u00eda a la colonia 6 de Noviembre, fue localizado un cuerpo sin vida, con huellas de tortura y envuelto en costales.<\/p>\n\n\n\n<p>La v\u00edctima a\u00fan no ha sido identificada y hasta el momento no hay mayores datos acerca del m\u00f3vil del crimen; el caso lo investiga la Vicefiscal\u00eda Regional del Istmo.<\/p>\n\n\n\n<p>Mientras que en Santa Mar\u00eda Jalapa del Marqu\u00e9s, fue ultimado a balazos un individuo, identificado como Silvino R., alias \u201cEl G\u00fcero\u201d, cuyo cuerpo fue localizado cerca del mercado.<\/p>\n\n\n\n<p>En este caso tampoco hay datos acerca del o de los agresores, pese a que el crimen se perpetr\u00f3 durante la ma\u00f1ana; familias de la zona pidieron el auxilio policiaco al escuchar las m\u00faltiples detonaciones de arma de fuego.<\/p>\n\n\n\n<p>Autoridades ministeriales arribaron al sitio para realizar el levantamiento de evidencias y posteriormente ordenar el retiro del cuerpo.<\/p>\n","protected":false},"excerpt":{"rendered":"<p>Redacci\u00f3n\/Zona Roja. Oaxaca de Ju\u00e1rez, Oax., a 15 de noviembre de 2023.- Dos personas fueron&hellip;<\/p>\n","protected":false},"author":2,"featured_media":62131,"comment_status":"closed","ping_status":"open","sticky":false,"template":"","format":"standard","meta":{"_lmt_disableupdate":"","_lmt_disable":"","_jetpack_memberships_contains_paid_content":false,"footnotes":""},"categories":[109,51],"tags":[123],"class_list":["post-62118","post","type-post","status-publish","format-standard","has-post-thumbnail","hentry","category-minuto-a-minuto","category-zona-roja","tag-juchitan-de-zaragoza"],"jetpack_featured_media_url":"https:\/\/zonaroja.com.mx\/wp-content\/uploads\/2023\/11\/Asesinado-en-Juchitan-Oaxaca.jpeg","jetpack_sharing_enabled":true,"_links":{"self":[{"href":"https:\/\/zonaroja.com.mx\/index.php?rest_route=\/wp\/v2\/posts\/62118","targetHints":{"allow":["GET"]}}],"collection":[{"href":"https:\/\/zonaroja.com.mx\/index.php?rest_route=\/wp\/v2\/posts"}],"about":[{"href":"https:\/\/zonaroja.com.mx\/index.php?rest_route=\/wp\/v2\/types\/post"}],"author":[{"embeddable":true,"href":"https:\/\/zonaroja.com.mx\/index.php?rest_route=\/wp\/v2\/users\/2"}],"replies":[{"embeddable":true,"href":"https:\/\/zonaroja.com.mx\/index.php?rest_route=%2Fwp%2Fv2%2Fcomments&post=62118"}],"version-history":[{"count":1,"href":"https:\/\/zonaroja.com.mx\/index.php?rest_route=\/wp\/v2\/posts\/62118\/revisions"}],"predecessor-version":[{"id":62120,"href":"https:\/\/zonaroja.com.mx\/index.php?rest_route=\/wp\/v2\/posts\/62118\/revisions\/62120"}],"wp:featuredmedia":[{"embeddable":true,"href":"https:\/\/zonaroja.com.mx\/index.php?rest_route=\/wp\/v2\/media\/62131"}],"wp:attachment":[{"href":"https:\/\/zonaroja.com.mx\/index.php?rest_route=%2Fwp%2Fv2%2Fmedia&parent=62118"}],"wp:term":[{"taxonomy":"category","embeddable":true,"href":"https:\/\/zonaroja.com.mx\/index.php?rest_route=%2Fwp%2Fv2%2Fcategories&post=62118"},{"taxonomy":"post_tag","embeddable":true,"href":"https:\/\/zonaroja.com.mx\/index.php?rest_route=%2Fwp%2Fv2%2Ftags&post=62118"}],"curies":[{"name":"wp","href":"https:\/\/api.w.org\/{rel}","templated":true}]}}