{"id":62132,"date":"2023-11-16T08:25:00","date_gmt":"2023-11-16T14:25:00","guid":{"rendered":"http:\/\/www.zonaroja.com.mx\/?p=62132"},"modified":"2023-11-16T06:41:34","modified_gmt":"2023-11-16T12:41:34","slug":"asegura-jara-cruz-que-hay-avances-en-oaxaca-en-primer-ano-de-gobierno","status":"publish","type":"post","link":"https:\/\/zonaroja.com.mx\/?p=62132","title":{"rendered":"Asegura Jara Cruz que hay avances en Oaxaca, en primer a\u00f1o de gobierno"},"content":{"rendered":"\n<p>Redacci\u00f3n\/Zona Roja.<\/p>\n\n\n\n<p>Oaxaca de Ju\u00e1rez, Oax. 16 de noviembre de 2023.- El ggobernador Salom\u00f3n Jara Cruz dirigi\u00f3 un mensaje al pueblo de Oaxaca en el marco de su Primer Informe de Resultados con Trabajo que Transforma, en donde destac\u00f3 el cumplimiento del compromiso de su administraci\u00f3n para lograr un cambio profundo en el estado, cercano a la gente y que beneficie a la entidad con justicia, bienestar y desarrollo social.<\/p>\n\n\n\n<p>En un acto de transparencia y rendici\u00f3n de cuentas con la ciudadan\u00eda, ante miles de personas de las ocho regiones del estado reunidas en el auditorio \u201cGuelaguetza\u201d, de la presidenta del Sistema Estatal para el Desarrollo Integral de la Familia (DIF) Irma Bola\u00f1os Quijano; del subsecretario de Industria y Comercio de la Secretar\u00eda de Econom\u00eda, Luis Abel Romero L\u00f3pez, representante del Presidente Andr\u00e9s Manuel L\u00f3pez Obrador, y del gobernador de Tamaulipas Am\u00e9rico Villarreal Anaya, el mandatario estatal dijo que durante este primer a\u00f1o se ha trabajado desde las comunidades, de manera directa con la ciudadan\u00eda por lo que se han visitado 376 municipios para conocer personalmente sus demandas e inquietudes.<\/p>\n\n\n\n<p>&nbsp;\u201cEn un a\u00f1o hemos demostrado que s\u00ed se puede gobernar de otra manera; sin lujos, con honestidad y con las puertas abiertas para todas y todos. Encabezo un nuevo modelo de gobierno que trabaja, transforma y camina de la mano del pueblo\u201d, se\u00f1al\u00f3 ante representantes de los Poderes del Estado, de los tres niveles de gobierno, Fuerzas Armadas y de los diferentes sectores de la poblaci\u00f3n.<\/p>\n\n\n\n<p>Dijo que desde los primeros d\u00edas se tomaron decisiones para la Reparaci\u00f3n Hist\u00f3rica de los Pueblos, se integr\u00f3 un gabinete paritario por primera vez en Oaxaca, se presentaron iniciativas como la Ley de Revocaci\u00f3n de Mandato, la Ley de Austeridad, se pusieron en marcha pol\u00edticas p\u00fablicas para la construcci\u00f3n de un Nuevo Pacto Social y se consolidaron y fortalecieron los programas de Bienestar.<\/p>\n\n\n\n<p>Adem\u00e1s de recuperar la seguridad, mejorar los servicios de salud, de educaci\u00f3n, promover el desarrollo integral y sustentable y detonar la inversi\u00f3n hist\u00f3rica en infraestructura para dar mayor impulso al turismo, al Corredor Interoce\u00e1nico del Istmo de Tehuantepec (CIIT), las dos autopistas, caminos artesanales, los aeropuertos y el tren de pasajeros y de carga de Salina Cruz a Coatzacoalcos.<\/p>\n\n\n\n<p>\u201cOaxaca por primera vez en la historia es referente de crecimiento y uno de los estados con mayor dinamismo econ\u00f3mico a nivel nacional. Gracias a la reavivaci\u00f3n hist\u00f3rica del sur sureste de M\u00e9xico, promovida por el Presidente Andr\u00e9s Manuel L\u00f3pez Obrador; Oaxaca presenta una actividad econ\u00f3mica e industrial por arriba del 10 por ciento, mientras que en el pa\u00eds registra una tasa promedio de 3.6 por ciento\u201d, refiri\u00f3.<\/p>\n\n\n\n<p>Por lo que las agencias calificadoras han ratificado el manejo eficiente y responsable de los recursos, programas y de la deuda p\u00fablica y han aumentado la calificaci\u00f3n y la confianza internacional en el estado.<\/p>\n\n\n\n<figure class=\"wp-block-image size-full\"><a href=\"http:\/\/www.zonaroja.com.mx\/wp-content\/uploads\/2023\/11\/Informe-Salomon-jara-3.jpeg\" data-rel=\"penci-gallery-image-content\" ><img decoding=\"async\" width=\"800\" height=\"449\" src=\"http:\/\/www.zonaroja.com.mx\/wp-content\/uploads\/2023\/11\/Informe-Salomon-jara-3.jpeg\" alt=\"\" class=\"wp-image-62128\" srcset=\"https:\/\/zonaroja.com.mx\/wp-content\/uploads\/2023\/11\/Informe-Salomon-jara-3.jpeg 800w, https:\/\/zonaroja.com.mx\/wp-content\/uploads\/2023\/11\/Informe-Salomon-jara-3-300x168.jpeg 300w, https:\/\/zonaroja.com.mx\/wp-content\/uploads\/2023\/11\/Informe-Salomon-jara-3-768x431.jpeg 768w, https:\/\/zonaroja.com.mx\/wp-content\/uploads\/2023\/11\/Informe-Salomon-jara-3-585x328.jpeg 585w\" sizes=\"(max-width: 800px) 100vw, 800px\" \/><\/a><\/figure>\n\n\n\n<p>INCIDENCIA DELICTIVA<\/p>\n\n\n\n<p>En su administraci\u00f3n, dijo, se ha logrado contener y revertir el crecimiento de los delitos de mayor incidencia cometidos en la entidad, tambi\u00e9n se ha perfeccionado la estrategia de seguridad y se fortalecen las capacidades de las corporaciones de seguridad y procuraci\u00f3n de justicia en los 570 municipios.<\/p>\n\n\n\n<p>Para garantizar a las mujeres, adolescentes y ni\u00f1as una vida libre de violencia de g\u00e9nero, a un a\u00f1o de su llegada, afirm\u00f3, la Comisi\u00f3n Nacional para Prevenir y Erradicar la Violencia contra las Mujeres (Conavim) ha reconocido los avances de su gobierno en la reducci\u00f3n de distintas violencias de g\u00e9nero.<\/p>\n\n\n\n<p>En este primer a\u00f1o se disminuy\u00f3 en 33 por ciento las muertes violentas de oaxaque\u00f1as en la entidad.<\/p>\n\n\n\n<p>Antes, se present\u00f3 un video alusivo sobre las obras y acciones que se realizaron en este primer a\u00f1o de la administraci\u00f3n del Gobernador Salom\u00f3n Jara Cruz.<\/p>\n\n\n\n<p>Se expuso que en la construcci\u00f3n de un Nuevo Pacto Social para la Convivencia Pac\u00edfica y Segura en todas las comunidades se duplic\u00f3 la inversi\u00f3n en seguridad y para&nbsp; recuperar la tranquilidad de las familias oaxaque\u00f1as con la dispersi\u00f3n de m\u00e1s de 36 millones de pesos en uniformes para polic\u00edas, mil millones de pesos para la creaci\u00f3n del C5, 230 nuevas patrullas para las instituciones de seguridad, 90 por ciento de polic\u00edas certificados en los 570 municipios del estado, capacitaci\u00f3n de topiles para la seguridad de sus comunidades y 101 nuevas c\u00e1maras de videovigilancia en el C4.<\/p>\n\n\n\n<p>Con di\u00e1logo y unidad se impuls\u00f3 una mejor gobernabilidad; despu\u00e9s de 12 a\u00f1os, se liberaron los portales del Palacio de Gobierno, 600 conflictos se resolvieron, se redujo en 48 por ciento las marchas, bloqueos y protestas.\u00a0 Con di\u00e1logo en San Vicente Coatl\u00e1n se reactivaron los trabajos de la autopista Barranca Larga-Ventanilla y se redujo significativamente la conflictividad en el estado.<\/p>\n\n\n\n<figure class=\"wp-block-image size-full\"><a href=\"http:\/\/www.zonaroja.com.mx\/wp-content\/uploads\/2023\/11\/Informe-Salomon-Jara-4.jpeg\" data-rel=\"penci-gallery-image-content\" ><img decoding=\"async\" width=\"800\" height=\"533\" src=\"http:\/\/www.zonaroja.com.mx\/wp-content\/uploads\/2023\/11\/Informe-Salomon-Jara-4.jpeg\" alt=\"\" class=\"wp-image-62129\" srcset=\"https:\/\/zonaroja.com.mx\/wp-content\/uploads\/2023\/11\/Informe-Salomon-Jara-4.jpeg 800w, https:\/\/zonaroja.com.mx\/wp-content\/uploads\/2023\/11\/Informe-Salomon-Jara-4-300x200.jpeg 300w, https:\/\/zonaroja.com.mx\/wp-content\/uploads\/2023\/11\/Informe-Salomon-Jara-4-768x512.jpeg 768w, https:\/\/zonaroja.com.mx\/wp-content\/uploads\/2023\/11\/Informe-Salomon-Jara-4-585x390.jpeg 585w, https:\/\/zonaroja.com.mx\/wp-content\/uploads\/2023\/11\/Informe-Salomon-Jara-4-263x175.jpeg 263w\" sizes=\"(max-width: 800px) 100vw, 800px\" \/><\/a><\/figure>\n\n\n\n<p>NUEVAS FORMAS<\/p>\n\n\n\n<p>Se impuls\u00f3 un gobierno paritario, por lo que el 50 por ciento de las dependencias son encabezadas por mujeres, se redujo la burocracia y gastos innecesarios, se eliminaron dependencias que solo eran una carga presupuestal y se impuls\u00f3 la Ley de Revocaci\u00f3n de Mandato, porque el pueblo pone y el pueblo quita.<\/p>\n\n\n\n<p>Con las estrategias Territorios Bienestar en los 100 municipios con mayor rezago y Trabajo que Transforma tu Municipio para llevar servicios y programas a los 470 municipios restantes, se recorri\u00f3 367 municipios de las ocho regiones para dialogar y dejar claros los compromisos de este gobierno.<\/p>\n\n\n\n<p>Durante este primer a\u00f1o se impuls\u00f3 la Ley de Austeridad para eliminar lujos y excesos, se detuvo a integrantes del c\u00e1rtel del despojo que saquearon el patrimonio de las y los oaxaque\u00f1os, se cambi\u00f3 al personal recaudador y registrador del Instituto de la Funci\u00f3n Registral, donde operaba este c\u00e1rtel, se procedi\u00f3 judicialmente contra notarios y notarias que obtuvieron su fiat ilegalmente y se fiscaliz\u00f3 m\u00e1s de 16 mil millones de pesos del Presupuesto Estatal, 50 veces m\u00e1s que lo fiscalizado en 2022 y se realizaron m\u00e1s de 100 traslados de emergencia con las aeronaves que estuvieron al servicio de altos funcionarios.<\/p>\n\n\n\n<p>&nbsp;En este primer a\u00f1o se impuls\u00f3 la Ley de Deudores Alimentarios. Ahora ninguna persona que incumpla con la pensi\u00f3n alimenticia ser\u00e1 funcionario, ni competir\u00e1 por un cargo; se cre\u00f3 la Tarjeta Margarita Maza para jefas de familia, con una inversi\u00f3n de 200 millones de pesos, se capacit\u00f3 a casi 15 mil trabajadoras y trabajadores para promover la igualdad de g\u00e9nero y erradicar abusos laborales y se realizaron m\u00e1s de 4 mil mastograf\u00edas gratuitas a oaxaque\u00f1as mayores de 40 a\u00f1os,<\/p>\n\n\n\n<p>Adem\u00e1s, se brindaron m\u00e1s de 84 mil servicios en las Jornadas de Paz y Justicia para Mujeres, Adolescentes y Ni\u00f1as, se capacit\u00f3 a elementos policiales en temas de perspectiva de g\u00e9nero, se foment\u00f3 los derechos de ni\u00f1as, adolescentes y mujeres con la campa\u00f1a Cero Tolerancia a la Violencia hacia las Mujeres.<\/p>\n\n\n\n<p>LA COMUNICACI\u00d3N<\/p>\n\n\n\n<p>Se rindi\u00f3 cuentas al pueblo a trav\u00e9s de las conferencias de prensa; se cre\u00f3 el programa Jueves de Gozona para difundir la riqueza pluricultural de los pueblos y comunidades, el funcionariado brind\u00f3 m\u00e1s de 2 mil entrevistas a medios de comunicaci\u00f3n y conferencias semanales.<\/p>\n\n\n\n<p>En coordinaci\u00f3n con el Presidente de M\u00e9xico Andr\u00e9s Manuel L\u00f3pez Obrador se apoy\u00f3 a personas afectadas por el hurac\u00e1n Agatha, se impulsa el desarrollo del sur con el Corredor Interoce\u00e1nico del Istmo de Tehuantepec (CIIT), las carreteras Oaxaca-Costa y Mitla-Tehuantepec, y se entregaron apoyos a trav\u00e9s de programas sociales para personas adultas mayores, j\u00f3venes y personas con discapacidad.<\/p>\n\n\n\n<p>Adem\u00e1s, se realizaron las Caravanas Bienestar con servicios m\u00e9dicos, nutricionales, psicol\u00f3gicos, pruebas de c\u00e1ncer mamario y glucosa, impulsando la econom\u00eda de las familias y personas artesanas; adem\u00e1s, mediante las Ferias Bienestar m\u00e1s de 8 mil 500 personas fueron beneficiadas con terapias, sillas de ruedas, andaderas, aparatos auditivos y anteojos. Se instalaron Comedores Comunitarios que benefician a 100 mil ni\u00f1as, ni\u00f1os y personas adultas mayores y se invirti\u00f3 m\u00e1s de 324 millones de pesos en el Programa de Uniformes y \u00datiles Escolares.<\/p>\n\n\n\n<p>Se apoy\u00f3 a m\u00e1s de 60 mil personas mayores de 15 a\u00f1os con rezago educativo, 30 mil menores de cinco a\u00f1os favorecidos con el Programa Alimentaci\u00f3n para Grupos<\/p>\n\n\n\n<p>Prioritarios y Lactantes, m\u00e1s de 700 mil personas beneficiadas con los Tequios Bienestar, con la estrategia Juntos Llevamos Vida, se entregaron pipas de agua gratuitas a comunidades con mayor necesidad.<\/p>\n\n\n\n<figure class=\"wp-block-image size-full\"><a href=\"http:\/\/www.zonaroja.com.mx\/wp-content\/uploads\/2023\/11\/Informe-Jara-1.jpeg\" data-rel=\"penci-gallery-image-content\" ><img decoding=\"async\" width=\"800\" height=\"450\" src=\"http:\/\/www.zonaroja.com.mx\/wp-content\/uploads\/2023\/11\/Informe-Jara-1.jpeg\" alt=\"\" class=\"wp-image-62126\" srcset=\"https:\/\/zonaroja.com.mx\/wp-content\/uploads\/2023\/11\/Informe-Jara-1.jpeg 800w, https:\/\/zonaroja.com.mx\/wp-content\/uploads\/2023\/11\/Informe-Jara-1-300x169.jpeg 300w, https:\/\/zonaroja.com.mx\/wp-content\/uploads\/2023\/11\/Informe-Jara-1-768x432.jpeg 768w, https:\/\/zonaroja.com.mx\/wp-content\/uploads\/2023\/11\/Informe-Jara-1-585x329.jpeg 585w\" sizes=\"(max-width: 800px) 100vw, 800px\" \/><\/a><\/figure>\n\n\n\n<p>EN SALUD<\/p>\n\n\n\n<p>Se dio a conocer que m\u00e1s de 250 millones de pesos se invirtieron en 25 proyectos hospitalarios, infraestructura y equipamiento del Hospital Especializado de Juchit\u00e1n; con 535 millones de pesos se invirti\u00f3 en la compra de medicamentos y material m\u00e9dico para Centros de Salud; m\u00e1s de 82 millones de pesos a las Brigadas Territoriales por la Salud atendiendo 236 municipios prioritarios; a trav\u00e9s de las Unidades M\u00f3viles de Salud se atendi\u00f3 a m\u00e1s de 80 mil personas de zonas de alta marginaci\u00f3n y se entregaron 52 ambulancias nuevas para los servicios de emergencia del estado.<\/p>\n\n\n\n<p>Impulso al Desarrollo Integral y Sustentable en las ocho regiones<\/p>\n\n\n\n<p>Se super\u00f3 la inversi\u00f3n privada con 19 mil millones de pesos, a trav\u00e9s de acciones de capacitaci\u00f3n y acuerdos de colaboraci\u00f3n, se implement\u00f3 un nuevo modelo de justicia laboral, logrando 2 mil 300 acuerdos de conciliaci\u00f3n en beneficio de las y los trabajadores, 745 millones de pesos destinados a los sectores de manufactura, comercio y turismo; en coordinaci\u00f3n con Nacional Financiera, se capacit\u00f3 a 18 mil oaxaque\u00f1as y oaxaque\u00f1os para fortalecer sus empresas y emprendimientos y se fortaleci\u00f3 la inversi\u00f3n privada en energ\u00eda, agroindustrias, turismo y otros sectores estrat\u00e9gicos.<\/p>\n\n\n\n<p>Se invierten 32 mil millones de pesos para la autopista Mitla-Tehuantepec, 60 millones en carreteras de Santa Mar\u00eda Chimalapa, Santiago Juxtlahuaca, San Juan Mixtepec y San Agust\u00edn Loxicha, 215 millones invertidos en caminos rurales para todas las regiones del estado, 365 millones para construir 200 kil\u00f3metros en carreteras alimentadoras, y 156 millones invertidos en caminos rurales y carreteras alimentadoras en la regi\u00f3n de la Mixteca.<\/p>\n\n\n\n<p>Se expropiaron los terrenos de la antigua f\u00e1brica de triplay para la construcci\u00f3n del Parque Primavera Oaxaque\u00f1a, con una inversi\u00f3n de 300 millones de pesos del Gobierno Federal, la rehabilitaci\u00f3n de espacios para crear los Parques Familiares Flores de la Primavera, que permitan el desarrollo f\u00edsico, emocional, cognitivo y social de la poblaci\u00f3n.<\/p>\n\n\n\n<p>(Comunicado)\u00a0<\/p>\n\n\n\n<figure class=\"wp-block-embed is-provider-twitter wp-block-embed-twitter\"><div class=\"wp-block-embed__wrapper\">\nhttps:\/\/x.com\/ZonaRoja_Oaxaca\/status\/1724948315740008951?s=20\n<\/div><\/figure>\n","protected":false},"excerpt":{"rendered":"<p>Redacci\u00f3n\/Zona Roja. Oaxaca de Ju\u00e1rez, Oax. 16 de noviembre de 2023.- El ggobernador Salom\u00f3n Jara&hellip;<\/p>\n","protected":false},"author":2,"featured_media":62127,"comment_status":"closed","ping_status":"open","sticky":false,"template":"","format":"standard","meta":{"_lmt_disableupdate":"","_lmt_disable":"","_jetpack_memberships_contains_paid_content":false,"footnotes":""},"categories":[109,46],"tags":[537],"class_list":["post-62132","post","type-post","status-publish","format-standard","has-post-thumbnail","hentry","category-minuto-a-minuto","category-zona-blanca","tag-informe-salomon-jara-cruz"],"jetpack_featured_media_url":"https:\/\/zonaroja.com.mx\/wp-content\/uploads\/2023\/11\/Informe-Salomon-Jara-2.jpeg","jetpack_sharing_enabled":true,"_links":{"self":[{"href":"https:\/\/zonaroja.com.mx\/index.php?rest_route=\/wp\/v2\/posts\/62132","targetHints":{"allow":["GET"]}}],"collection":[{"href":"https:\/\/zonaroja.com.mx\/index.php?rest_route=\/wp\/v2\/posts"}],"about":[{"href":"https:\/\/zonaroja.com.mx\/index.php?rest_route=\/wp\/v2\/types\/post"}],"author":[{"embeddable":true,"href":"https:\/\/zonaroja.com.mx\/index.php?rest_route=\/wp\/v2\/users\/2"}],"replies":[{"embeddable":true,"href":"https:\/\/zonaroja.com.mx\/index.php?rest_route=%2Fwp%2Fv2%2Fcomments&post=62132"}],"version-history":[{"count":1,"href":"https:\/\/zonaroja.com.mx\/index.php?rest_route=\/wp\/v2\/posts\/62132\/revisions"}],"predecessor-version":[{"id":62133,"href":"https:\/\/zonaroja.com.mx\/index.php?rest_route=\/wp\/v2\/posts\/62132\/revisions\/62133"}],"wp:featuredmedia":[{"embeddable":true,"href":"https:\/\/zonaroja.com.mx\/index.php?rest_route=\/wp\/v2\/media\/62127"}],"wp:attachment":[{"href":"https:\/\/zonaroja.com.mx\/index.php?rest_route=%2Fwp%2Fv2%2Fmedia&parent=62132"}],"wp:term":[{"taxonomy":"category","embeddable":true,"href":"https:\/\/zonaroja.com.mx\/index.php?rest_route=%2Fwp%2Fv2%2Fcategories&post=62132"},{"taxonomy":"post_tag","embeddable":true,"href":"https:\/\/zonaroja.com.mx\/index.php?rest_route=%2Fwp%2Fv2%2Ftags&post=62132"}],"curies":[{"name":"wp","href":"https:\/\/api.w.org\/{rel}","templated":true}]}}