{"id":62136,"date":"2023-11-16T10:30:00","date_gmt":"2023-11-16T16:30:00","guid":{"rendered":"http:\/\/www.zonaroja.com.mx\/?p=62136"},"modified":"2023-11-16T07:00:48","modified_gmt":"2023-11-16T13:00:48","slug":"demanda-ucizoni-cancelar-ordenes-de-aprehension-contra-activistas","status":"publish","type":"post","link":"https:\/\/zonaroja.com.mx\/?p=62136","title":{"rendered":"Demanda Ucizoni cancelar \u00f3rdenes de aprehensi\u00f3n contra activistas"},"content":{"rendered":"\n<p>Ismael Garc\u00eda M.\/Zona Roja.<\/p>\n\n\n\n<p>Oaxaca de Ju\u00e1rez, Oax., a 16 de noviembre de 2023.- La organizaci\u00f3n Uni\u00f3n de Comunidades Ind\u00edgenas de la Zona Norte del Istmo (Ucizoni) demand\u00f3 al gobierno federal cancelar indagatorias y \u00f3rdenes de aprehensi\u00f3n en contra de activistas opositores a los megaproyectos, como el Corredor Interoce\u00e1nico del Istmo de Tehuantepec.<\/p>\n\n\n\n<p>\u201cNunca fuimos informados de los impactos negativos que este proyecto ocasionar\u00eda en nuestras tierras, ni consultados de acuerdo a los protocolos que establece el Convenio 169 de la OIT\u201d, destac\u00f3 en un comunicado.<\/p>\n\n\n\n<p>Record\u00f3 que en febrero de 2023, la comunidad Mixe Ayuuk de Mogo\u00f1e Viejo, San Juan Guichicovi, decidi\u00f3 alzar la voz ante la violaci\u00f3n a sus derechos frente a la modernizaci\u00f3n del ferrocarril, donde el Ferrocarril del Istmo de Tehuantepec S. A. de C. V. inici\u00f3 trabajos despojando a familias de sus predios y da\u00f1ando al medio ambiente.<\/p>\n\n\n\n<p>\u201cLo que gener\u00f3 molestia e inconformidad de los pobladores y ejidatarios de Mogo\u00f1\u00e9 Viejo, mantuvieron 62 d\u00edas de manifestaci\u00f3n pac\u00edfica en sus predios donde establecieron el campamento \u2018Tierra y Libertad\u2019 siempre llamaron al di\u00e1logo al gobierno federal y estatal y al titular del Corredor Interoce\u00e1nico, &nbsp;vicealmirante Raymundo Pedro &nbsp;Morales Angeles, el titular del Corredor Interoce\u00e1nico siempre se neg\u00f3 al di\u00e1logo\u201d.<\/p>\n\n\n\n<p>A\u00f1adi\u00f3 que durante este tiempo de protesta, los pobladores y ejidatarios siempre fueron amenazados por elementos de la Secretar\u00eda de Marina y el 28 de abril &nbsp;fueron desalojados &nbsp;del campamento &nbsp;de forma violenta &nbsp;por elementos de la Semar y la Polic\u00eda Estatal de Oaxaca; en este desalojo fueron detenidos cuatro mujeres y dos hombres.<\/p>\n\n\n\n<p>Denunci\u00f3 que el organismo del Corredor present\u00f3 una denuncia penal con dos n\u00fameros &nbsp;de carpeta de investigacion Oax\/000201\/2023 y Oax\/ 000294\/2023 por el delito de \u00abAtaque a las v\u00edas generales de comunicaci\u00f3n\u00bb &nbsp;en &nbsp;contra de 16 integrantes de la Ucizoni.<\/p>\n\n\n\n<p>De estas denuncias se derivan dos audiencias iniciales la primera audiencia inicial es el 17 de noviembre en la ciudad &nbsp;de Oaxaca y la segunda audiencia inicial correspondiente a la segunda carpeta de investigaci\u00f3n para el 28 de diciembre del presente a\u00f1o.<\/p>\n\n\n\n<p>\u201cEstas denuncias penales son actos de &nbsp;criminalizaci\u00f3n, exigimos un di\u00e1logo respetuoso y hacemos un llamado a las organizaciones internacionales, nacionales y regionales para que se solidaricen con nuestra lucha\u201d, expuso en su comunicado.<\/p>\n\n\n\n<p>Llam\u00f3 al Presidente Andres Manuel L\u00f3pez Obrador a no cerrarse al di\u00e1logo y a respetar sus derechos; asimismo, que gire instrucciones al gobernador de Oaxaca Salom\u00f3n Jara Cruz; al secretario de Gobierno de Oaxaca Jes\u00fas Romero L\u00f3pez y al titular de Corredor Interoce\u00e1nico y se atiendan las problem\u00e1ticas que ha generado el megaproyecto.<\/p>\n\n\n\n<p>\u201cNo se &nbsp;puede inaugurar el tren Interoce\u00e1nico en diciembre por la &nbsp;violaci\u00f3n a nuestros derechos y el despojo de nuestras tierras\u201d, recalc\u00f3.&nbsp;<\/p>\n","protected":false},"excerpt":{"rendered":"<p>Ismael Garc\u00eda M.\/Zona Roja. Oaxaca de Ju\u00e1rez, Oax., a 16 de noviembre de 2023.- La&hellip;<\/p>\n","protected":false},"author":2,"featured_media":55561,"comment_status":"closed","ping_status":"open","sticky":false,"template":"","format":"standard","meta":{"_lmt_disableupdate":"","_lmt_disable":"","_jetpack_memberships_contains_paid_content":false,"footnotes":""},"categories":[109,46],"tags":[3172],"class_list":["post-62136","post","type-post","status-publish","format-standard","has-post-thumbnail","hentry","category-minuto-a-minuto","category-zona-blanca","tag-union-de-comunidades-indigenas-de-la-zona-norte-del-istmo-ucizoni"],"jetpack_featured_media_url":"https:\/\/zonaroja.com.mx\/wp-content\/uploads\/2023\/05\/Protesta-proyectos-Corredor-Interoceanico.jpg","jetpack_sharing_enabled":true,"_links":{"self":[{"href":"https:\/\/zonaroja.com.mx\/index.php?rest_route=\/wp\/v2\/posts\/62136","targetHints":{"allow":["GET"]}}],"collection":[{"href":"https:\/\/zonaroja.com.mx\/index.php?rest_route=\/wp\/v2\/posts"}],"about":[{"href":"https:\/\/zonaroja.com.mx\/index.php?rest_route=\/wp\/v2\/types\/post"}],"author":[{"embeddable":true,"href":"https:\/\/zonaroja.com.mx\/index.php?rest_route=\/wp\/v2\/users\/2"}],"replies":[{"embeddable":true,"href":"https:\/\/zonaroja.com.mx\/index.php?rest_route=%2Fwp%2Fv2%2Fcomments&post=62136"}],"version-history":[{"count":1,"href":"https:\/\/zonaroja.com.mx\/index.php?rest_route=\/wp\/v2\/posts\/62136\/revisions"}],"predecessor-version":[{"id":62137,"href":"https:\/\/zonaroja.com.mx\/index.php?rest_route=\/wp\/v2\/posts\/62136\/revisions\/62137"}],"wp:featuredmedia":[{"embeddable":true,"href":"https:\/\/zonaroja.com.mx\/index.php?rest_route=\/wp\/v2\/media\/55561"}],"wp:attachment":[{"href":"https:\/\/zonaroja.com.mx\/index.php?rest_route=%2Fwp%2Fv2%2Fmedia&parent=62136"}],"wp:term":[{"taxonomy":"category","embeddable":true,"href":"https:\/\/zonaroja.com.mx\/index.php?rest_route=%2Fwp%2Fv2%2Fcategories&post=62136"},{"taxonomy":"post_tag","embeddable":true,"href":"https:\/\/zonaroja.com.mx\/index.php?rest_route=%2Fwp%2Fv2%2Ftags&post=62136"}],"curies":[{"name":"wp","href":"https:\/\/api.w.org\/{rel}","templated":true}]}}